{"id":22222,"date":"2023-12-29T08:59:51","date_gmt":"2023-12-29T11:59:51","guid":{"rendered":"https:\/\/lrm67.com\/?p=22222"},"modified":"2023-12-29T08:59:51","modified_gmt":"2023-12-29T11:59:51","slug":"tempo-deve-mudar-no-dia-31-mas-meteorologistas-garantem-que-nao-chove-na-virada","status":"publish","type":"post","link":"https:\/\/lrm67.com\/index.php\/2023\/12\/29\/tempo-deve-mudar-no-dia-31-mas-meteorologistas-garantem-que-nao-chove-na-virada\/","title":{"rendered":"Tempo deve mudar no dia 31, mas meteorologistas garantem que n\u00e3o chove na virada"},"content":{"rendered":"<p>Marcello Ver\u00edssimo<\/p>\n<p>Calor, tr\u00e2nsito e tempo. 2023 se despede com mudan\u00e7a no tempo sobre algumas regi\u00f5es do pa\u00eds. Sem as altas temperaturas das \u00faltimas semanas, a virada do ano promete ser um pouco mais fria no Sul, um pouco mais \u00famida no Sudeste e com pancadas de chuva mais regulares em parte da costa norte do pa\u00eds.<\/p>\n<p>De acordo com os meteorologistas, uma nova frente fria avan\u00e7a na Regi\u00e3o Sudeste entre s\u00e1bado (30) e a segunda-feira (1\u00ba) quando estaciona entre o norte do Rio de Janeiro e o Esp\u00edrito Santo.<\/p>\n<p>Um sistema de baixa press\u00e3o acompanha a frente fria trazendo uma circula\u00e7\u00e3o de ventos mais fria e \u00famida no leste de S\u00e3o Paulo e do Rio entre o domingo (31), e a segunda-feira, 1\u00ba de janeiro.<\/p>\n<p>O \u00faltimo dia do ano deve ser nublado, fresco e com garoa na regi\u00e3o metropolitana de S\u00e3o Paulo. No Litoral, segundo os meteorologistas, o dia ser\u00e1 nublado com per\u00edodos de chuva fraca a moderada.<\/p>\n","protected":false},"excerpt":{"rendered":"<p>Marcello Ver\u00edssimo Calor, tr\u00e2nsito e tempo. 2023 se despede com mudan\u00e7a no tempo sobre algumas regi\u00f5es do pa\u00eds. Sem as altas temperaturas das \u00faltimas semanas, a virada do ano promete ser um pouco mais fria no Sul, um pouco mais \u00famida no Sudeste e com pancadas de chuva mais regulares em parte da costa norte [&hellip;]<\/p>\n","protected":false},"author":26,"featured_media":22223,"comment_status":"open","ping_status":"open","sticky":false,"template":"","format":"standard","meta":{"footnotes":""},"categories":[7,80,6],"tags":[],"class_list":["post-22222","post","type-post","status-publish","format-standard","has-post-thumbnail","hentry","category-destaque","category-litoral-norte","category-tempo"],"aioseo_notices":[],"_links":{"self":[{"href":"https:\/\/lrm67.com\/index.php\/wp-json\/wp\/v2\/posts\/22222","targetHints":{"allow":["GET"]}}],"collection":[{"href":"https:\/\/lrm67.com\/index.php\/wp-json\/wp\/v2\/posts"}],"about":[{"href":"https:\/\/lrm67.com\/index.php\/wp-json\/wp\/v2\/types\/post"}],"author":[{"embeddable":true,"href":"https:\/\/lrm67.com\/index.php\/wp-json\/wp\/v2\/users\/26"}],"replies":[{"embeddable":true,"href":"https:\/\/lrm67.com\/index.php\/wp-json\/wp\/v2\/comments?post=22222"}],"version-history":[{"count":1,"href":"https:\/\/lrm67.com\/index.php\/wp-json\/wp\/v2\/posts\/22222\/revisions"}],"predecessor-version":[{"id":22224,"href":"https:\/\/lrm67.com\/index.php\/wp-json\/wp\/v2\/posts\/22222\/revisions\/22224"}],"wp:featuredmedia":[{"embeddable":true,"href":"https:\/\/lrm67.com\/index.php\/wp-json\/wp\/v2\/media\/22223"}],"wp:attachment":[{"href":"https:\/\/lrm67.com\/index.php\/wp-json\/wp\/v2\/media?parent=22222"}],"wp:term":[{"taxonomy":"category","embeddable":true,"href":"https:\/\/lrm67.com\/index.php\/wp-json\/wp\/v2\/categories?post=22222"},{"taxonomy":"post_tag","embeddable":true,"href":"https:\/\/lrm67.com\/index.php\/wp-json\/wp\/v2\/tags?post=22222"}],"curies":[{"name":"wp","href":"https:\/\/api.w.org\/{rel}","templated":true}]}}