{"id":22219,"date":"2023-12-28T18:55:56","date_gmt":"2023-12-28T21:55:56","guid":{"rendered":"https:\/\/lrm67.com\/?p=22219"},"modified":"2023-12-29T09:18:51","modified_gmt":"2023-12-29T12:18:51","slug":"pm-prende-traficante-que-abasteceria-ruas-no-reveillon-em-ubatuba","status":"publish","type":"post","link":"https:\/\/lrm67.com\/index.php\/2023\/12\/28\/pm-prende-traficante-que-abasteceria-ruas-no-reveillon-em-ubatuba\/","title":{"rendered":"PM prende traficante que abasteceria ruas no R\u00e9veillon em Ubatuba"},"content":{"rendered":"<p>Marcello Ver\u00edssimo<\/p>\n<p>A Pol\u00edcia Militar, em Ubatuba, prendeu na noite desta quarta-feira (27) um homem sob acusa\u00e7\u00e3o de tr\u00e1fico de drogas, no bairro Perequ\u00ea-A\u00e7u. O flagrante \u00e9 da For\u00e7a T\u00e1tica.<\/p>\n<p>De acordo com a pol\u00edcia, o traficante foi interceptado com mais de 970 por\u00e7\u00f5es de drogas que seriam vendidas nas ruas do bairro durante o R\u00e9veillon.<\/p>\n<p>A PM informou que os policiais suspeitaram do homem que estava segurando uma sacola e quando viu a viatura tentou fugir, mas acabou preso.<\/p>\n<p>Na sacola foram apreendidas 15 pedras de crack e 44 por\u00e7\u00f5es de coca\u00edna, al\u00e9m de R$ 210 em notas trocadas.<\/p>\n<p>O traficante confessou o crime e que escondia mais drogas em sua casa.<\/p>\n<p>No im\u00f3vel foram apreendidas 653 por\u00e7\u00f5es de coca\u00edna e 261 pedras de crack que estavam escondidas em um c\u00f4modo da resid\u00eancia.<\/p>\n<p>Ao todo foram apreendidos 950 gramas de drogas. O traficante foi levado para a delegacia e permaneceu preso \u00e0 disposi\u00e7\u00e3o da justi\u00e7a<\/p>\n<p>Corrup\u00e7\u00e3o &#8211; A PM tamb\u00e9m prendeu um criminoso procurado da justi\u00e7a pelos crimes de associa\u00e7\u00e3o criminosa e corrup\u00e7\u00e3o tamb\u00e9m na noite de quarta.<\/p>\n<p>A pris\u00e3o foi realizada pela Rocam (Ronda Ostensivas com apoio de Motocicletas) no bairro Tarum\u00e3, em Caraguatatuba.<br \/>\nO criminoso j\u00e1 \u00e9 conhecido nos meios policiais e foi levado para a delegacia.<\/p>\n","protected":false},"excerpt":{"rendered":"<p>Marcello Ver\u00edssimo A Pol\u00edcia Militar, em Ubatuba, prendeu na noite desta quarta-feira (27) um homem sob acusa\u00e7\u00e3o de tr\u00e1fico de drogas, no bairro Perequ\u00ea-A\u00e7u. O flagrante \u00e9 da For\u00e7a T\u00e1tica. De acordo com a pol\u00edcia, o traficante foi interceptado com mais de 970 por\u00e7\u00f5es de drogas que seriam vendidas nas ruas do bairro durante o [&hellip;]<\/p>\n","protected":false},"author":26,"featured_media":22220,"comment_status":"open","ping_status":"open","sticky":false,"template":"","format":"standard","meta":{"footnotes":""},"categories":[15,14],"tags":[],"class_list":["post-22219","post","type-post","status-publish","format-standard","has-post-thumbnail","hentry","category-policia","category-ubatuba"],"aioseo_notices":[],"_links":{"self":[{"href":"https:\/\/lrm67.com\/index.php\/wp-json\/wp\/v2\/posts\/22219","targetHints":{"allow":["GET"]}}],"collection":[{"href":"https:\/\/lrm67.com\/index.php\/wp-json\/wp\/v2\/posts"}],"about":[{"href":"https:\/\/lrm67.com\/index.php\/wp-json\/wp\/v2\/types\/post"}],"author":[{"embeddable":true,"href":"https:\/\/lrm67.com\/index.php\/wp-json\/wp\/v2\/users\/26"}],"replies":[{"embeddable":true,"href":"https:\/\/lrm67.com\/index.php\/wp-json\/wp\/v2\/comments?post=22219"}],"version-history":[{"count":1,"href":"https:\/\/lrm67.com\/index.php\/wp-json\/wp\/v2\/posts\/22219\/revisions"}],"predecessor-version":[{"id":22221,"href":"https:\/\/lrm67.com\/index.php\/wp-json\/wp\/v2\/posts\/22219\/revisions\/22221"}],"wp:featuredmedia":[{"embeddable":true,"href":"https:\/\/lrm67.com\/index.php\/wp-json\/wp\/v2\/media\/22220"}],"wp:attachment":[{"href":"https:\/\/lrm67.com\/index.php\/wp-json\/wp\/v2\/media?parent=22219"}],"wp:term":[{"taxonomy":"category","embeddable":true,"href":"https:\/\/lrm67.com\/index.php\/wp-json\/wp\/v2\/categories?post=22219"},{"taxonomy":"post_tag","embeddable":true,"href":"https:\/\/lrm67.com\/index.php\/wp-json\/wp\/v2\/tags?post=22219"}],"curies":[{"name":"wp","href":"https:\/\/api.w.org\/{rel}","templated":true}]}}