{"id":22209,"date":"2023-12-29T08:39:31","date_gmt":"2023-12-29T11:39:31","guid":{"rendered":"https:\/\/lrm67.com\/?p=22209"},"modified":"2023-12-29T08:39:31","modified_gmt":"2023-12-29T11:39:31","slug":"ilhabela-e-destaque-em-indices-baixos-de-afogamento-e-medidas-de-seguranca","status":"publish","type":"post","link":"https:\/\/lrm67.com\/index.php\/2023\/12\/29\/ilhabela-e-destaque-em-indices-baixos-de-afogamento-e-medidas-de-seguranca\/","title":{"rendered":"Ilhabela \u00e9 destaque em \u00edndices baixos de afogamento e medidas de seguran\u00e7a"},"content":{"rendered":"<p>Ilhabela celebra o registro de taxa zero de ocorr\u00eancias de afogamento em suas praias e \u00e1reas costeiras durante o per\u00edodo de 22 a 25 de dezembro. Esta estat\u00edstica positiva reflete o compromisso dos guarda-vidas tempor\u00e1rios em garantir a seguran\u00e7a dos visitantes.<\/p>\n<p>Nesta quinta-feira (28) comemorou-se o \u201cDia do Guarda-Vidas\u201d, uma ocasi\u00e3o oportuna para reconhecer e homenagear aqueles que desempenham um papel crucial na seguran\u00e7a dos banhistas.<\/p>\n<p>Com a alta demanda de turistas na cidade, \u00e9 fundamental que exista um time de profissionais preparados e atuantes nas praias, sempre em busca de garantir a seguran\u00e7a, bem-estar e a preven\u00e7\u00e3o de acidentes em \u00e1reas pr\u00f3ximas ao mar.<\/p>\n<p>O Sargento PM Thiago Pustiglione, Comandante de prontid\u00e3o dos munic\u00edpios de S\u00e3o Sebasti\u00e3o e Ilhabela, ressalta a import\u00e2ncia da escolha por praias que contam com a atua\u00e7\u00e3o desses profissionais. \u201cA orienta\u00e7\u00e3o aos frequentadores do nosso munic\u00edpio \u00e9 que deem prefer\u00eancia \u00e0s praias guarnecidas pelos guarda-vidas, sempre solicitando orienta\u00e7\u00f5es de seguran\u00e7a e lembrar que diante de qualquer emerg\u00eancia, ligar 193\u201d.<\/p>\n<h2>Corpo de Guarda-Vidas Tempor\u00e1rio<\/h2>\n<p>A Prefeitura de Ilhabela junto ao Corpo de Bombeiros e a Pol\u00edcia Militar, contratou 16 guarda-vidas tempor\u00e1rio, que est\u00e3o distribu\u00eddos nas praias do Bonete, Curral, Praia Grande, Ilha das Cabras e Castelhanos. Al\u00e9m disso, seis militares do Estado realizam a supervis\u00e3o e apoio \u00e0s ocorr\u00eancias com uso de embarca\u00e7\u00f5es, de acordo com a necessidade de suporte. A atua\u00e7\u00e3o dos guarda-vidas segue at\u00e9 maio de 2024.<\/p>\n","protected":false},"excerpt":{"rendered":"<p>Ilhabela celebra o registro de taxa zero de ocorr\u00eancias de afogamento em suas praias e \u00e1reas costeiras durante o per\u00edodo de 22 a 25 de dezembro. Esta estat\u00edstica positiva reflete o compromisso dos guarda-vidas tempor\u00e1rios em garantir a seguran\u00e7a dos visitantes. Nesta quinta-feira (28) comemorou-se o \u201cDia do Guarda-Vidas\u201d, uma ocasi\u00e3o oportuna para reconhecer e [&hellip;]<\/p>\n","protected":false},"author":26,"featured_media":22210,"comment_status":"open","ping_status":"open","sticky":false,"template":"","format":"standard","meta":{"footnotes":""},"categories":[7,3,5],"tags":[],"class_list":["post-22209","post","type-post","status-publish","format-standard","has-post-thumbnail","hentry","category-destaque","category-ilhabela","category-turismo"],"aioseo_notices":[],"_links":{"self":[{"href":"https:\/\/lrm67.com\/index.php\/wp-json\/wp\/v2\/posts\/22209","targetHints":{"allow":["GET"]}}],"collection":[{"href":"https:\/\/lrm67.com\/index.php\/wp-json\/wp\/v2\/posts"}],"about":[{"href":"https:\/\/lrm67.com\/index.php\/wp-json\/wp\/v2\/types\/post"}],"author":[{"embeddable":true,"href":"https:\/\/lrm67.com\/index.php\/wp-json\/wp\/v2\/users\/26"}],"replies":[{"embeddable":true,"href":"https:\/\/lrm67.com\/index.php\/wp-json\/wp\/v2\/comments?post=22209"}],"version-history":[{"count":1,"href":"https:\/\/lrm67.com\/index.php\/wp-json\/wp\/v2\/posts\/22209\/revisions"}],"predecessor-version":[{"id":22211,"href":"https:\/\/lrm67.com\/index.php\/wp-json\/wp\/v2\/posts\/22209\/revisions\/22211"}],"wp:featuredmedia":[{"embeddable":true,"href":"https:\/\/lrm67.com\/index.php\/wp-json\/wp\/v2\/media\/22210"}],"wp:attachment":[{"href":"https:\/\/lrm67.com\/index.php\/wp-json\/wp\/v2\/media?parent=22209"}],"wp:term":[{"taxonomy":"category","embeddable":true,"href":"https:\/\/lrm67.com\/index.php\/wp-json\/wp\/v2\/categories?post=22209"},{"taxonomy":"post_tag","embeddable":true,"href":"https:\/\/lrm67.com\/index.php\/wp-json\/wp\/v2\/tags?post=22209"}],"curies":[{"name":"wp","href":"https:\/\/api.w.org\/{rel}","templated":true}]}}