{"id":22190,"date":"2023-12-28T10:17:23","date_gmt":"2023-12-28T13:17:23","guid":{"rendered":"https:\/\/lrm67.com\/?p=22190"},"modified":"2023-12-28T16:18:01","modified_gmt":"2023-12-28T19:18:01","slug":"felipe-augusto-implanta-bilhete-unico-e-tarifa-zero-aos-domingos-no-transporte-publico-de-sao-sebastiao","status":"publish","type":"post","link":"https:\/\/lrm67.com\/index.php\/2023\/12\/28\/felipe-augusto-implanta-bilhete-unico-e-tarifa-zero-aos-domingos-no-transporte-publico-de-sao-sebastiao\/","title":{"rendered":"Felipe Augusto implanta Bilhete \u00danico e Tarifa Zero aos domingos no transporte p\u00fablico de S\u00e3o Sebasti\u00e3o"},"content":{"rendered":"<p>Com o objetivo de promover maior acessibilidade e estimular o uso do transporte p\u00fablico, o prefeito de S\u00e3o Sebasti\u00e3o, Felipe Augusto, implementou, no in\u00edcio de dezembro, a modalidade &#8216;Tarifa Zero&#8217; aos domingos, abolindo completamente a cobran\u00e7a de tarifas nos \u00f4nibus municipais.<\/p>\n<p>De acordo com o prefeito, esta a\u00e7\u00e3o tem a finalidade de incentivar o uso do transporte p\u00fablico, facilitando o deslocamento dos mun\u00edcipes e turistas durante os finais de semana. A gratuidade aos domingos j\u00e1 est\u00e1 em vigor desde 17 de dezembro, permitindo que passageiros utilizem as linhas a partir das 3h30 da manh\u00e3 sem a necessidade de pagar pela passagem.<\/p>\n<p>Al\u00e9m disso, o decreto tamb\u00e9m contempla uma redu\u00e7\u00e3o no valor das passagens de segunda a s\u00e1bado, anteriormente fixadas em R$4,50 e agora reduzidas para R$2, representando uma queda de 55%. Ressalta-se que a integra\u00e7\u00e3o permanece v\u00e1lida por 2 horas pelo valor de R$2, por\u00e9m, exclusivamente para portadores do bilhete eletr\u00f4nico. Em per\u00edodos de alta temporada, de 22 de dezembro a 19 de fevereiro, ser\u00e1 estendido o tempo de integra\u00e7\u00e3o para 4 horas, levando em considera\u00e7\u00e3o o aumento do tempo de viagem das linhas devido ao intenso tr\u00e1fego na rodovia.<\/p>\n<blockquote><p>&#8220;Mais do que simplesmente tornar o transporte p\u00fablico uma op\u00e7\u00e3o vi\u00e1vel, nosso objetivo central \u00e9 estimular ativamente o uso desse sistema, reduzindo o fluxo de ve\u00edculos&#8221;, enfatizou Felipe Augusto.<\/p><\/blockquote>\n<p>Outras atualiza\u00e7\u00f5es no transporte coletivo foram implementadas para melhorar a acessibilidade e efici\u00eancia para os usu\u00e1rios. Entre as mudan\u00e7as mais not\u00e1veis, a Linha Tronco (LT) 01 agora tem um itiner\u00e1rio que vai do Canto do Mar at\u00e9 a Rodovi\u00e1ria, seguindo para a Balsa e retornando para a Costa Norte. No entanto, deixou de incluir o trajeto para a Topol\u00e2ndia, que passou a ser atendida pela nova Linha Alimentadora (LA) 15, conectando o Terminal do Centro ao terminal do bairro Itatinga.<\/p>\n<p>Outra mudan\u00e7a relevante foi implementada na Linha Alimentadora (LA) 04, a qual, partindo do Centro at\u00e9 o Guaec\u00e1, expandiu seu percurso para incluir tamb\u00e9m a passagem por dentro dos bairro de Pa\u00faba, Toque Toque Grande e Toque Toque Pequeno em hor\u00e1rios espec\u00edficos da manh\u00e3 e final da tarde. Esta altera\u00e7\u00e3o foi uma antiga solicita\u00e7\u00e3o dos usu\u00e1rios e foi atendida em resposta ao prefeito Felipe Augusto.<\/p>\n<p><img fetchpriority=\"high\" decoding=\"async\" class=\"alignnone size-full wp-image-20523\" src=\"https:\/\/lrm67.com\/wp-content\/uploads\/2023\/11\/Onibus-da-Sou-Sao-Sebastiao-Foto-Beto-Silva.jpg\" alt=\"\" width=\"1135\" height=\"757\" srcset=\"https:\/\/lrm67.com\/wp-content\/uploads\/2023\/11\/Onibus-da-Sou-Sao-Sebastiao-Foto-Beto-Silva.jpg 1135w, https:\/\/lrm67.com\/wp-content\/uploads\/2023\/11\/Onibus-da-Sou-Sao-Sebastiao-Foto-Beto-Silva-300x200.jpg 300w, https:\/\/lrm67.com\/wp-content\/uploads\/2023\/11\/Onibus-da-Sou-Sao-Sebastiao-Foto-Beto-Silva-1024x683.jpg 1024w, https:\/\/lrm67.com\/wp-content\/uploads\/2023\/11\/Onibus-da-Sou-Sao-Sebastiao-Foto-Beto-Silva-768x512.jpg 768w\" sizes=\"(max-width: 1135px) 100vw, 1135px\" \/><\/p>\n<p>Na regi\u00e3o da Costa Sul, a principal altera\u00e7\u00e3o se deu na Linha Tronco, que agora estende seu itiner\u00e1rio do Centro at\u00e9 Boraceia, substituindo o atendimento anteriormente realizado pela Linha Alimentadora 27, que foi descontinuada. Apesar dessa mudan\u00e7a resultar em um aumento de 23 minutos no trajeto em ambos os sentidos, a empresa informou que mais \u00f4nibus ser\u00e3o inseridos para adequar os hor\u00e1rios e minimizar impactos no servi\u00e7o.<\/p>\n<p>As atualiza\u00e7\u00f5es j\u00e1 est\u00e3o em vigor e podem ser consultadas no site da empresa https:\/\/soutransportes.com.br\/saosebastiao juntamente com os novos hor\u00e1rios, trazendo um conjunto de ajustes que afetam positivamente o percurso de diversas linhas. O trajeto dos \u00f4nibus tamb\u00e9m podem ser acompanhados em tempo real por aplicativo.<\/p>\n","protected":false},"excerpt":{"rendered":"<p>Com o objetivo de promover maior acessibilidade e estimular o uso do transporte p\u00fablico, o prefeito de S\u00e3o Sebasti\u00e3o, Felipe Augusto, implementou, no in\u00edcio de dezembro, a modalidade &#8216;Tarifa Zero&#8217; aos domingos, abolindo completamente a cobran\u00e7a de tarifas nos \u00f4nibus municipais. De acordo com o prefeito, esta a\u00e7\u00e3o tem a finalidade de incentivar o uso [&hellip;]<\/p>\n","protected":false},"author":26,"featured_media":22191,"comment_status":"open","ping_status":"open","sticky":false,"template":"","format":"standard","meta":{"footnotes":""},"categories":[16,13],"tags":[],"class_list":["post-22190","post","type-post","status-publish","format-standard","has-post-thumbnail","hentry","category-politica","category-sao-sebastiao"],"aioseo_notices":[],"_links":{"self":[{"href":"https:\/\/lrm67.com\/index.php\/wp-json\/wp\/v2\/posts\/22190","targetHints":{"allow":["GET"]}}],"collection":[{"href":"https:\/\/lrm67.com\/index.php\/wp-json\/wp\/v2\/posts"}],"about":[{"href":"https:\/\/lrm67.com\/index.php\/wp-json\/wp\/v2\/types\/post"}],"author":[{"embeddable":true,"href":"https:\/\/lrm67.com\/index.php\/wp-json\/wp\/v2\/users\/26"}],"replies":[{"embeddable":true,"href":"https:\/\/lrm67.com\/index.php\/wp-json\/wp\/v2\/comments?post=22190"}],"version-history":[{"count":1,"href":"https:\/\/lrm67.com\/index.php\/wp-json\/wp\/v2\/posts\/22190\/revisions"}],"predecessor-version":[{"id":22192,"href":"https:\/\/lrm67.com\/index.php\/wp-json\/wp\/v2\/posts\/22190\/revisions\/22192"}],"wp:featuredmedia":[{"embeddable":true,"href":"https:\/\/lrm67.com\/index.php\/wp-json\/wp\/v2\/media\/22191"}],"wp:attachment":[{"href":"https:\/\/lrm67.com\/index.php\/wp-json\/wp\/v2\/media?parent=22190"}],"wp:term":[{"taxonomy":"category","embeddable":true,"href":"https:\/\/lrm67.com\/index.php\/wp-json\/wp\/v2\/categories?post=22190"},{"taxonomy":"post_tag","embeddable":true,"href":"https:\/\/lrm67.com\/index.php\/wp-json\/wp\/v2\/tags?post=22190"}],"curies":[{"name":"wp","href":"https:\/\/api.w.org\/{rel}","templated":true}]}}