{"id":22170,"date":"2023-12-27T18:58:41","date_gmt":"2023-12-27T21:58:41","guid":{"rendered":"https:\/\/lrm67.com\/?p=22170"},"modified":"2023-12-28T11:01:25","modified_gmt":"2023-12-28T14:01:25","slug":"estacionamentos-e-vias-nas-orlas-do-centro-e-martim-de-sa-serao-fechados-para-o-reveillon","status":"publish","type":"post","link":"https:\/\/lrm67.com\/index.php\/2023\/12\/27\/estacionamentos-e-vias-nas-orlas-do-centro-e-martim-de-sa-serao-fechados-para-o-reveillon\/","title":{"rendered":"Estacionamentos e vias nas orlas do Centro e Martim de S\u00e1 ser\u00e3o fechados para o R\u00e9veillon"},"content":{"rendered":"<p>A Prefeitura de Caraguatatuba, por meio da Secretaria de Mobilidade Urbana e Prote\u00e7\u00e3o ao Cidad\u00e3o, vai fechar o estacionamento nas orlas das praias do Centro e da Martim de S\u00e1, no pr\u00f3ximo domingo (31). Nesses dois pontos, onde h\u00e1 a maior concentra\u00e7\u00e3o de pessoas, haver\u00e1 queima de fogos para a virada do ano.<\/p>\n<p>No Centro, o fechamento das vagas de estacionamento ser\u00e1 entre as avenidas Prestes Maia e Engenheiro Jo\u00e3o Fonseca, a partir das 8h. A interdi\u00e7\u00e3o para a circula\u00e7\u00e3o de ve\u00edculos come\u00e7a \u00e0s 22h do domingo. Ser\u00e3o colocadas faixas para informar aos motoristas.<\/p>\n<p>Os \u00f4nibus deixar\u00e3o de passar pela Avenida da Praia a partir das 20h do dia 31 e s\u00f3 retornar\u00e3o depois das 6h do dia 1\u00ba de janeiro, por quest\u00e3o de seguran\u00e7a.<\/p>\n<p>J\u00e1 no caso da Martim de S\u00e1, a Avenida Aldino Schiavi ter\u00e1 estacionamento proibido a partir das 18h, do dia 31, no trecho que vai do Canto Bravo at\u00e9 a Pra\u00e7a dos Bombeiros. A partir das 22h, toda a avenida ser\u00e1 fechada para ve\u00edculos e livre acesso para pedestres. Ser\u00e1 permitido apenas o tr\u00e2nsito local.<\/p>\n<p>A circula\u00e7\u00e3o de ve\u00edculos estar\u00e1 liberada a partir das 3h do dia 1\u00ba de janeiro de 2024.<\/p>\n","protected":false},"excerpt":{"rendered":"<p>A Prefeitura de Caraguatatuba, por meio da Secretaria de Mobilidade Urbana e Prote\u00e7\u00e3o ao Cidad\u00e3o, vai fechar o estacionamento nas orlas das praias do Centro e da Martim de S\u00e1, no pr\u00f3ximo domingo (31). Nesses dois pontos, onde h\u00e1 a maior concentra\u00e7\u00e3o de pessoas, haver\u00e1 queima de fogos para a virada do ano. No Centro, [&hellip;]<\/p>\n","protected":false},"author":26,"featured_media":22171,"comment_status":"open","ping_status":"open","sticky":false,"template":"","format":"standard","meta":{"footnotes":""},"categories":[8,2,78],"tags":[],"class_list":["post-22170","post","type-post","status-publish","format-standard","has-post-thumbnail","hentry","category-caraguatatuba","category-geral","category-transito"],"aioseo_notices":[],"_links":{"self":[{"href":"https:\/\/lrm67.com\/index.php\/wp-json\/wp\/v2\/posts\/22170","targetHints":{"allow":["GET"]}}],"collection":[{"href":"https:\/\/lrm67.com\/index.php\/wp-json\/wp\/v2\/posts"}],"about":[{"href":"https:\/\/lrm67.com\/index.php\/wp-json\/wp\/v2\/types\/post"}],"author":[{"embeddable":true,"href":"https:\/\/lrm67.com\/index.php\/wp-json\/wp\/v2\/users\/26"}],"replies":[{"embeddable":true,"href":"https:\/\/lrm67.com\/index.php\/wp-json\/wp\/v2\/comments?post=22170"}],"version-history":[{"count":1,"href":"https:\/\/lrm67.com\/index.php\/wp-json\/wp\/v2\/posts\/22170\/revisions"}],"predecessor-version":[{"id":22172,"href":"https:\/\/lrm67.com\/index.php\/wp-json\/wp\/v2\/posts\/22170\/revisions\/22172"}],"wp:featuredmedia":[{"embeddable":true,"href":"https:\/\/lrm67.com\/index.php\/wp-json\/wp\/v2\/media\/22171"}],"wp:attachment":[{"href":"https:\/\/lrm67.com\/index.php\/wp-json\/wp\/v2\/media?parent=22170"}],"wp:term":[{"taxonomy":"category","embeddable":true,"href":"https:\/\/lrm67.com\/index.php\/wp-json\/wp\/v2\/categories?post=22170"},{"taxonomy":"post_tag","embeddable":true,"href":"https:\/\/lrm67.com\/index.php\/wp-json\/wp\/v2\/tags?post=22170"}],"curies":[{"name":"wp","href":"https:\/\/api.w.org\/{rel}","templated":true}]}}