{"id":22113,"date":"2023-12-27T08:02:22","date_gmt":"2023-12-27T11:02:22","guid":{"rendered":"https:\/\/lrm67.com\/?p=22113"},"modified":"2023-12-27T09:02:45","modified_gmt":"2023-12-27T12:02:45","slug":"prefeitura-de-ilhabela-e-fundo-social-distribuem-380-cestas-de-natal-nas-comunidades-tradicionais","status":"publish","type":"post","link":"https:\/\/lrm67.com\/index.php\/2023\/12\/27\/prefeitura-de-ilhabela-e-fundo-social-distribuem-380-cestas-de-natal-nas-comunidades-tradicionais\/","title":{"rendered":"Prefeitura de Ilhabela e Fundo Social distribuem 380 cestas de Natal nas Comunidades Tradicionais"},"content":{"rendered":"<p style=\"font-weight: 400;\">Na \u00faltima quarta-feira (20), uma comitiva da Prefeitura de Ilhabela e o Fundo Social embarcou rumo \u00e0s Comunidades Tradicionais para realizar a entrega de cestas de natal. Foram cerca de 380 cestas entregues a mais de 300 fam\u00edlias entre os dias 20, 21 e 22 de dezembro.<\/p>\n<p style=\"font-weight: 400;\">Ao lado do prefeito Toninho Colucci estavam presentes o secret\u00e1rio de Comunidades Tradicionais, Pesca e Agricultura, Ezequiel Alves, e o secret\u00e1rio de Governo, Ant\u00f4nio Corn\u00e9lio, al\u00e9m da presidente do Fundo Social de Solidariedade, Maria Jos\u00e9 da Concei\u00e7\u00e3o.<\/p>\n<p style=\"font-weight: 400;\">&#8220;Viemos trazer uma lembran\u00e7a na v\u00e9spera de Natal para demonstrar o nosso carinho pelas Comunidades Tradicionais. A gente tenta fazer sempre o melhor, esse \u00e9 o nosso compromisso&#8221;, disse Colucci aos moradores.<\/p>\n<p style=\"font-weight: 400;\">A iniciativa concentrou a entrega das cestas em um local espec\u00edfico de cada comunidade para os moradores retirarem. Foram sete portos diferentes em tr\u00eas dias de viagem sendo Castelhanos, Vit\u00f3ria, B\u00fazios (Ganxumas e Porto do Meio), Serraria, Fome e Bonete.<\/p>\n<p><img fetchpriority=\"high\" decoding=\"async\" class=\"alignnone size-full wp-image-22114\" src=\"https:\/\/lrm67.com\/wp-content\/uploads\/2023\/12\/Prefeitura-de-Ilhabela-distribui-380-cestas-de-Natal-nas-Comunidades-Tradicionais.jpg\" alt=\"\" width=\"1600\" height=\"1066\" srcset=\"https:\/\/lrm67.com\/wp-content\/uploads\/2023\/12\/Prefeitura-de-Ilhabela-distribui-380-cestas-de-Natal-nas-Comunidades-Tradicionais.jpg 1600w, https:\/\/lrm67.com\/wp-content\/uploads\/2023\/12\/Prefeitura-de-Ilhabela-distribui-380-cestas-de-Natal-nas-Comunidades-Tradicionais-300x200.jpg 300w, https:\/\/lrm67.com\/wp-content\/uploads\/2023\/12\/Prefeitura-de-Ilhabela-distribui-380-cestas-de-Natal-nas-Comunidades-Tradicionais-1024x682.jpg 1024w, https:\/\/lrm67.com\/wp-content\/uploads\/2023\/12\/Prefeitura-de-Ilhabela-distribui-380-cestas-de-Natal-nas-Comunidades-Tradicionais-768x512.jpg 768w, https:\/\/lrm67.com\/wp-content\/uploads\/2023\/12\/Prefeitura-de-Ilhabela-distribui-380-cestas-de-Natal-nas-Comunidades-Tradicionais-1536x1023.jpg 1536w\" sizes=\"(max-width: 1600px) 100vw, 1600px\" \/><\/p>\n<p style=\"font-weight: 400;\">Al\u00e9m da distribui\u00e7\u00e3o das cestas de natal, a viagem serviu para homenagear a professora Neide, que atuou durante 20 anos na Comunidade de B\u00fazios. A escola municipal Prof.\u00aa Neide Maria de Souza, localizada no Porto do Meio, agora leva o seu nome.<\/p>\n<p style=\"font-weight: 400;\">A visita tamb\u00e9m teve o objetivo de verificar o estado de obras j\u00e1 constru\u00eddas e de constatar melhorias que precisam ser feitas, incluindo reajustes de telhado e reparo em escadaria causados pelas fortes chuvas dos \u00faltimos tempos.<\/p>\n","protected":false},"excerpt":{"rendered":"<p>Na \u00faltima quarta-feira (20), uma comitiva da Prefeitura de Ilhabela e o Fundo Social embarcou rumo \u00e0s Comunidades Tradicionais para realizar a entrega de cestas de natal. Foram cerca de 380 cestas entregues a mais de 300 fam\u00edlias entre os dias 20, 21 e 22 de dezembro. Ao lado do prefeito Toninho Colucci estavam presentes [&hellip;]<\/p>\n","protected":false},"author":26,"featured_media":22115,"comment_status":"open","ping_status":"open","sticky":false,"template":"","format":"standard","meta":{"footnotes":""},"categories":[3,16],"tags":[],"class_list":["post-22113","post","type-post","status-publish","format-standard","has-post-thumbnail","hentry","category-ilhabela","category-politica"],"aioseo_notices":[],"_links":{"self":[{"href":"https:\/\/lrm67.com\/index.php\/wp-json\/wp\/v2\/posts\/22113","targetHints":{"allow":["GET"]}}],"collection":[{"href":"https:\/\/lrm67.com\/index.php\/wp-json\/wp\/v2\/posts"}],"about":[{"href":"https:\/\/lrm67.com\/index.php\/wp-json\/wp\/v2\/types\/post"}],"author":[{"embeddable":true,"href":"https:\/\/lrm67.com\/index.php\/wp-json\/wp\/v2\/users\/26"}],"replies":[{"embeddable":true,"href":"https:\/\/lrm67.com\/index.php\/wp-json\/wp\/v2\/comments?post=22113"}],"version-history":[{"count":1,"href":"https:\/\/lrm67.com\/index.php\/wp-json\/wp\/v2\/posts\/22113\/revisions"}],"predecessor-version":[{"id":22116,"href":"https:\/\/lrm67.com\/index.php\/wp-json\/wp\/v2\/posts\/22113\/revisions\/22116"}],"wp:featuredmedia":[{"embeddable":true,"href":"https:\/\/lrm67.com\/index.php\/wp-json\/wp\/v2\/media\/22115"}],"wp:attachment":[{"href":"https:\/\/lrm67.com\/index.php\/wp-json\/wp\/v2\/media?parent=22113"}],"wp:term":[{"taxonomy":"category","embeddable":true,"href":"https:\/\/lrm67.com\/index.php\/wp-json\/wp\/v2\/categories?post=22113"},{"taxonomy":"post_tag","embeddable":true,"href":"https:\/\/lrm67.com\/index.php\/wp-json\/wp\/v2\/tags?post=22113"}],"curies":[{"name":"wp","href":"https:\/\/api.w.org\/{rel}","templated":true}]}}