{"id":22096,"date":"2023-12-27T08:36:50","date_gmt":"2023-12-27T11:36:50","guid":{"rendered":"https:\/\/lrm67.com\/?p=22096"},"modified":"2023-12-27T08:36:50","modified_gmt":"2023-12-27T11:36:50","slug":"dezembrite-pode-desencadear-problemas-serios-no-ano-novo","status":"publish","type":"post","link":"https:\/\/lrm67.com\/index.php\/2023\/12\/27\/dezembrite-pode-desencadear-problemas-serios-no-ano-novo\/","title":{"rendered":"\u201cDezembrite\u201d pode desencadear problemas s\u00e9rios no Ano Novo"},"content":{"rendered":"<p>Marcello Ver\u00edssimo<\/p>\n<p>Enquanto todos est\u00e3o alegres nesta \u00e9poca do ano, existe uma parcela da popula\u00e7\u00e3o que vive \u00e0s voltas com uma patologia que s\u00f3 aparece durante o m\u00eas de dezembro \u00e9 as festividades do fim de ano.<\/p>\n<p>Trata-se da \u201cDezembrite\u201d, nome popularmente dado para o estado de tristeza que muitas pessoas sentem neste per\u00edodo entre o Natal e o R\u00e9veillon.<\/p>\n<p>De acordo com os especialistas, esse sentimento \u00e9 mais comum do que se imagina sendo resultado da ansiedade com in\u00edcio de um novo ciclo aliado \u00e0s frustra\u00e7\u00f5es com o momento presente e expectativas sobre o que est\u00e1 por vir.<\/p>\n<p>A psiquiatra Roberta Fran\u00e7a disse que, apesar de ser um per\u00edodo de festas e alegrias, para muita gente tamb\u00e9m \u00e9 uma \u00e9poca em que se revive muitas perdas, saudades e dificuldades. \u201cMuitas vezes isso acarreta uma ang\u00fastia, mal-estar e tristeza\u201d, explica a m\u00e9dica.<\/p>\n<h2>Felizes<\/h2>\n<p>Com o advento das redes sociais, principalmente do Instagram, que \u201cexige\u201d que as pessoas pare\u00e7am mais felizes podendo causar o efeito inverso, de estresse e tristeza. \u201cVoc\u00ea olha para os lados e tem enfeites, brilhos, cores, gente feliz, comprando, cantando\u201d, disse a psiquiatra.<\/p>\n<p>Ao mesmo tempo, segundo ela, \u00e9 quase obrigat\u00f3rio que as pessoas realmente sintam-se felizes, dispostas, quando a verdade \u00e9 outra. \u201cEu realmente n\u00e3o gosto do ver\u00e3o, dessa obriga\u00e7\u00e3o das pessoas sorrirem, fazerem brincadeiras de mau gosto, n\u00e3o respeitarem o pr\u00f3ximo que aumenta muito durante esse per\u00edodo festivo\u201d, disse o estudante M.C.P, 28, de Caraguatatuba.<\/p>\n<p>Por timidez, ele conversou com a reportagem sob o trato de manter seu anonimato. \u201cAcho que o ano muda, mas a vida continua, as mudan\u00e7as acontecem gradativamente e n\u00e3o em uma noite. A realidade \u00e9 hostil\u201d, ele conta.<\/p>\n<p>Para a psic\u00f3loga Grace Joana de Santana, outro fator que pode acentuar esse sentimento nas pessoas \u00e9 a necessidade de se organizar celebra\u00e7\u00f5es envolvendo muita gente e comida.<\/p>\n<p>De acordo com a especialista, s\u00e3o dias que podem levar ao aumento destes sentimentos, al\u00e9m da sensa\u00e7\u00e3o de vazio. \u201cE outras caracter\u00edsticas tamb\u00e9m se destacam como perda ou excesso de sono, falta de apetite, des\u00e2nimo, dificuldades em se concentrar\u201d.<\/p>\n<p><img fetchpriority=\"high\" decoding=\"async\" class=\"alignnone size-full wp-image-22098\" src=\"https:\/\/lrm67.com\/wp-content\/uploads\/2023\/12\/WhatsApp-Image-2023-12-27-at-07.00.48.jpeg\" alt=\"\" width=\"1024\" height=\"768\" srcset=\"https:\/\/lrm67.com\/wp-content\/uploads\/2023\/12\/WhatsApp-Image-2023-12-27-at-07.00.48.jpeg 1024w, https:\/\/lrm67.com\/wp-content\/uploads\/2023\/12\/WhatsApp-Image-2023-12-27-at-07.00.48-300x225.jpeg 300w, https:\/\/lrm67.com\/wp-content\/uploads\/2023\/12\/WhatsApp-Image-2023-12-27-at-07.00.48-768x576.jpeg 768w\" sizes=\"(max-width: 1024px) 100vw, 1024px\" \/><\/p>\n<h2>Ajuda<\/h2>\n<p>Se voc\u00ea passa por esse tipo de situa\u00e7\u00e3o neste per\u00edodo procure ajuda especializada. Para a psic\u00f3loga, as pessoas vivem um sentimento agudo que se intensifica nestes dias e buscam um al\u00edvio r\u00e1pido, imediato, que pode ser medido nas salas de espera dos consult\u00f3rios. \u201cDezembro \u00e9 o meu m\u00eas de maior demanda, de estresse emocional, ansiedade, depress\u00e3o e tristeza\u201d, disse ela. \u201cMuitos idosos, idosas, n\u00e3o querem comer, est\u00e3o desanimados, n\u00e3o querem participar das festas de fam\u00edlia, uma sensa\u00e7\u00e3o de solid\u00e3o muito grande\u201d, completou a psic\u00f3loga.<\/p>\n","protected":false},"excerpt":{"rendered":"<p>Marcello Ver\u00edssimo Enquanto todos est\u00e3o alegres nesta \u00e9poca do ano, existe uma parcela da popula\u00e7\u00e3o que vive \u00e0s voltas com uma patologia que s\u00f3 aparece durante o m\u00eas de dezembro \u00e9 as festividades do fim de ano. Trata-se da \u201cDezembrite\u201d, nome popularmente dado para o estado de tristeza que muitas pessoas sentem neste per\u00edodo entre [&hellip;]<\/p>\n","protected":false},"author":26,"featured_media":22097,"comment_status":"open","ping_status":"open","sticky":false,"template":"","format":"standard","meta":{"footnotes":""},"categories":[88,7,2],"tags":[],"class_list":["post-22096","post","type-post","status-publish","format-standard","has-post-thumbnail","hentry","category-comportamento","category-destaque","category-geral"],"aioseo_notices":[],"_links":{"self":[{"href":"https:\/\/lrm67.com\/index.php\/wp-json\/wp\/v2\/posts\/22096","targetHints":{"allow":["GET"]}}],"collection":[{"href":"https:\/\/lrm67.com\/index.php\/wp-json\/wp\/v2\/posts"}],"about":[{"href":"https:\/\/lrm67.com\/index.php\/wp-json\/wp\/v2\/types\/post"}],"author":[{"embeddable":true,"href":"https:\/\/lrm67.com\/index.php\/wp-json\/wp\/v2\/users\/26"}],"replies":[{"embeddable":true,"href":"https:\/\/lrm67.com\/index.php\/wp-json\/wp\/v2\/comments?post=22096"}],"version-history":[{"count":1,"href":"https:\/\/lrm67.com\/index.php\/wp-json\/wp\/v2\/posts\/22096\/revisions"}],"predecessor-version":[{"id":22099,"href":"https:\/\/lrm67.com\/index.php\/wp-json\/wp\/v2\/posts\/22096\/revisions\/22099"}],"wp:featuredmedia":[{"embeddable":true,"href":"https:\/\/lrm67.com\/index.php\/wp-json\/wp\/v2\/media\/22097"}],"wp:attachment":[{"href":"https:\/\/lrm67.com\/index.php\/wp-json\/wp\/v2\/media?parent=22096"}],"wp:term":[{"taxonomy":"category","embeddable":true,"href":"https:\/\/lrm67.com\/index.php\/wp-json\/wp\/v2\/categories?post=22096"},{"taxonomy":"post_tag","embeddable":true,"href":"https:\/\/lrm67.com\/index.php\/wp-json\/wp\/v2\/tags?post=22096"}],"curies":[{"name":"wp","href":"https:\/\/api.w.org\/{rel}","templated":true}]}}