{"id":2108,"date":"2022-03-11T15:51:22","date_gmt":"2022-03-11T18:51:22","guid":{"rendered":"https:\/\/lrm67.com\/?p=2108"},"modified":"2022-03-11T15:51:22","modified_gmt":"2022-03-11T18:51:22","slug":"marco-contra-obesidade-oferece-varias-atividades-esportivas-e-educativas-durante-o-mes","status":"publish","type":"post","link":"https:\/\/lrm67.com\/index.php\/2022\/03\/11\/marco-contra-obesidade-oferece-varias-atividades-esportivas-e-educativas-durante-o-mes\/","title":{"rendered":"Mar\u00e7o contra Obesidade oferece v\u00e1rias atividades esportivas e educativas durante o m\u00eas"},"content":{"rendered":"<p style=\"font-weight: 400;\">O projeto de conscientiza\u00e7\u00e3o Mar\u00e7o Contra Obesidade \u2013 tr\u00eas semanas de muito conhecimento e atividade f\u00edsica, promovido pelo Studio Sa\u00fade, de S\u00e3o Sebasti\u00e3o, com o apoio da Prefeitura por meio da Secretaria de Sa\u00fade (SESAU), continua at\u00e9 o dia 26 de mar\u00e7o com v\u00e1rias atividades educativas e esportivas abertas \u00e0 popula\u00e7\u00e3o. Neste s\u00e1bado (12), \u00e0s 7h, na\u00a0Pra\u00e7a da Vela, haver\u00e1 caminhada\u00a0acompanhada por um educador f\u00edsico.<\/p>\n<p style=\"font-weight: 400;\">\n<p style=\"font-weight: 400;\">O objetivo do evento \u00e9 conscientizar sobre os riscos da obesidade; o papel fundamental da atividade f\u00edsica no controle do peso e na qualidade de vida; a import\u00e2ncia da alimenta\u00e7\u00e3o saud\u00e1vel no processo de emagrecimento; e a atividade f\u00edsica como meio de preven\u00e7\u00e3o a enfermidades.<\/p>\n<p style=\"font-weight: 400;\">\n<p style=\"font-weight: 400;\">At\u00e9 o final do projeto, todas as ter\u00e7as e quintas-feiras ser\u00e3o realizadas atividades f\u00edsicas, \u00e0s 19h, no Anfiteatro da Rua da Praia; \u00e0s quartas-feiras, acontecem debates on-line com profissionais da sa\u00fade, transmitidos pelo Instagram do Studio Sa\u00fade (@studiosaude_ss), tamb\u00e9m \u00e0s 19h; e aos s\u00e1bados, \u00e0s 7h, caminhadas e corridas acompanhadas por um educador f\u00edsico.<\/p>\n<p style=\"font-weight: 400;\">\n<p style=\"font-weight: 400;\">A abertura do evento, realizada ter\u00e7a-feira (8), \u00e0s 19h, no Observat\u00f3rio Ambiental, reuniu uma equipe multiprofissional composta por educador f\u00edsico, psic\u00f3logo, nutricionista, cardiologista e urologista. Na quarta-feira (19), a Live foi com o psic\u00f3logo Daniel Proen\u00e7a, e na quinta-feira o educador f\u00edsico Robson, da Oxygen Fitness, conduziu o treino.<\/p>\n<p style=\"font-weight: 400;\">\n<p style=\"font-weight: 400;\">Confira a programa\u00e7\u00e3o:<\/p>\n<p style=\"font-weight: 400;\">\n<p style=\"font-weight: 400;\"><strong><u>12\/03, 7h<\/u><\/strong><\/p>\n<p style=\"font-weight: 400;\">Caminhada com sa\u00edda da Pra\u00e7a da Vela<\/p>\n<p style=\"font-weight: 400;\">\n<p style=\"font-weight: 400;\"><strong><u>15\/03, 19h<\/u><\/strong><\/p>\n<p style=\"font-weight: 400;\">Treino com Diego &#8211; Dojo Cross training<\/p>\n<p style=\"font-weight: 400;\">\n<p style=\"font-weight: 400;\"><strong><u>16\/03, 19h<\/u><\/strong><\/p>\n<p style=\"font-weight: 400;\">Live com Daniella Barros<\/p>\n<p style=\"font-weight: 400;\">\n<p style=\"font-weight: 400;\"><strong><u>17\/03, 19h<\/u><\/strong><\/p>\n<p style=\"font-weight: 400;\">Treino com Diego &#8211; Vida Ativa<\/p>\n<p style=\"font-weight: 400;\">\n<p style=\"font-weight: 400;\"><strong><u>19\/03, 7h<\/u><\/strong><\/p>\n<p style=\"font-weight: 400;\">Caminhada com sa\u00edda da Pra\u00e7a da Vela<\/p>\n<p style=\"font-weight: 400;\">\n<p style=\"font-weight: 400;\"><strong><u>22\/03, 19h<\/u><\/strong><\/p>\n<p style=\"font-weight: 400;\">Aula com Roni &#8211; Fit Dance Bem-estar<\/p>\n<p style=\"font-weight: 400;\">\n<p style=\"font-weight: 400;\"><strong><u>23\/03, 19h<\/u><\/strong><\/p>\n<p style=\"font-weight: 400;\">Live com a Dra. Let\u00edcia<\/p>\n<p style=\"font-weight: 400;\">\n<p style=\"font-weight: 400;\"><strong><u>24\/03, 19h<\/u><\/strong><\/p>\n<p style=\"font-weight: 400;\">Treino com Paulo &#8211; Centuri\u00e3o<\/p>\n<p style=\"font-weight: 400;\">\n<p style=\"font-weight: 400;\"><strong><u>26\/03, 7h<\/u><\/strong><\/p>\n<p style=\"font-weight: 400;\">Corrida com sa\u00edda do Anfiteatro da Rua da Praia at\u00e9 o P\u00eder do Pontal, e retorno.<\/p>\n<p style=\"font-weight: 400;\">\n<p style=\"font-weight: 400;\">&#8212;<\/p>\n<p style=\"font-weight: 400;\"><strong>Prefeitura de S\u00e3o Sebasti\u00e3o<br \/>\n<a href=\"http:\/\/www.saosebastiao.sp.gov.br\/\" data-saferedirecturl=\"https:\/\/www.google.com\/url?q=http:\/\/www.saosebastiao.sp.gov.br\/&amp;source=gmail&amp;ust=1647108865103000&amp;usg=AOvVaw0ZhR3c9KApG_piO_NE26MQ\">www.saosebastiao.sp.gov.br<\/a>\u00a0<\/strong><\/p>\n","protected":false},"excerpt":{"rendered":"<p>O projeto de conscientiza\u00e7\u00e3o Mar\u00e7o Contra Obesidade \u2013 tr\u00eas semanas de muito conhecimento e atividade f\u00edsica, promovido pelo Studio Sa\u00fade, de S\u00e3o Sebasti\u00e3o, com o apoio da Prefeitura por meio da Secretaria de Sa\u00fade (SESAU), continua at\u00e9 o dia 26 de mar\u00e7o com v\u00e1rias atividades educativas e esportivas abertas \u00e0 popula\u00e7\u00e3o. Neste s\u00e1bado (12), \u00e0s [&hellip;]<\/p>\n","protected":false},"author":26,"featured_media":2109,"comment_status":"open","ping_status":"open","sticky":false,"template":"","format":"standard","meta":{"footnotes":""},"categories":[30,7,13],"tags":[],"class_list":["post-2108","post","type-post","status-publish","format-standard","has-post-thumbnail","hentry","category-cultura","category-destaque","category-sao-sebastiao"],"aioseo_notices":[],"_links":{"self":[{"href":"https:\/\/lrm67.com\/index.php\/wp-json\/wp\/v2\/posts\/2108","targetHints":{"allow":["GET"]}}],"collection":[{"href":"https:\/\/lrm67.com\/index.php\/wp-json\/wp\/v2\/posts"}],"about":[{"href":"https:\/\/lrm67.com\/index.php\/wp-json\/wp\/v2\/types\/post"}],"author":[{"embeddable":true,"href":"https:\/\/lrm67.com\/index.php\/wp-json\/wp\/v2\/users\/26"}],"replies":[{"embeddable":true,"href":"https:\/\/lrm67.com\/index.php\/wp-json\/wp\/v2\/comments?post=2108"}],"version-history":[{"count":1,"href":"https:\/\/lrm67.com\/index.php\/wp-json\/wp\/v2\/posts\/2108\/revisions"}],"predecessor-version":[{"id":2110,"href":"https:\/\/lrm67.com\/index.php\/wp-json\/wp\/v2\/posts\/2108\/revisions\/2110"}],"wp:featuredmedia":[{"embeddable":true,"href":"https:\/\/lrm67.com\/index.php\/wp-json\/wp\/v2\/media\/2109"}],"wp:attachment":[{"href":"https:\/\/lrm67.com\/index.php\/wp-json\/wp\/v2\/media?parent=2108"}],"wp:term":[{"taxonomy":"category","embeddable":true,"href":"https:\/\/lrm67.com\/index.php\/wp-json\/wp\/v2\/categories?post=2108"},{"taxonomy":"post_tag","embeddable":true,"href":"https:\/\/lrm67.com\/index.php\/wp-json\/wp\/v2\/tags?post=2108"}],"curies":[{"name":"wp","href":"https:\/\/api.w.org\/{rel}","templated":true}]}}