{"id":2098,"date":"2022-03-11T11:16:02","date_gmt":"2022-03-11T14:16:02","guid":{"rendered":"https:\/\/lrm67.com\/?p=2098"},"modified":"2022-03-11T11:16:02","modified_gmt":"2022-03-11T14:16:02","slug":"prefeitura-de-sao-sebastiao-convoca-16-psicologos-para-atuacao-nas-secretarias-de-saude-educacao-administracao-e-desenvolvimento-economico-e-social","status":"publish","type":"post","link":"https:\/\/lrm67.com\/index.php\/2022\/03\/11\/prefeitura-de-sao-sebastiao-convoca-16-psicologos-para-atuacao-nas-secretarias-de-saude-educacao-administracao-e-desenvolvimento-economico-e-social\/","title":{"rendered":"Prefeitura de S\u00e3o Sebasti\u00e3o convoca 16 psic\u00f3logos para atua\u00e7\u00e3o nas Secretarias de Sa\u00fade, Educa\u00e7\u00e3o, Administra\u00e7\u00e3o e Desenvolvimento Econ\u00f4mico e Social"},"content":{"rendered":"<p style=\"font-weight: 400;\">A Prefeitura de S\u00e3o Sebasti\u00e3o, por meio do Departamento de Gest\u00e3o de Pessoas, vinculado \u00e0 Secretaria de Administra\u00e7\u00e3o (SECAD), convocou 16 psic\u00f3logos aprovados no concurso p\u00fablico 01\/2019.<\/p>\n<p style=\"font-weight: 400;\">\n<p style=\"font-weight: 400;\">Os novos servidores integrar\u00e3o o quadro funcional das Secretarias de Sa\u00fade (SESAU), Educa\u00e7\u00e3o (SEDUC), SECAD e Desenvolvimento Econ\u00f4mico e Social (SEDES), atuando nos v\u00e1rios equipamentos p\u00fablicos vinculados a essas \u00e1reas.<\/p>\n<p style=\"font-weight: 400;\">\n<p style=\"font-weight: 400;\">No momento, os psic\u00f3logos est\u00e3o passando por exame m\u00e9dico admissional e apresentando a documenta\u00e7\u00e3o, para, em breve, terem as admiss\u00f5es homologadas.<\/p>\n<p style=\"font-weight: 400;\">\n<p style=\"font-weight: 400;\">As contrata\u00e7\u00f5es visam ampliar os servi\u00e7os oferecidos pelo munic\u00edpio, assim como melhorar a qualidade do atendimento \u00e0 popula\u00e7\u00e3o.<\/p>\n<p style=\"font-weight: 400;\">\n<p style=\"font-weight: 400;\">A \u00e1rea de sa\u00fade mental sofreu impacto direto da pandemia de Covid-19, que fez surgir novas demandas e aumentou muito a procura pelos servi\u00e7os.<\/p>\n<p style=\"font-weight: 400;\">\n<p style=\"font-weight: 400;\">Para a Sa\u00fade, ser\u00e3o direcionados sete psic\u00f3logos; a Educa\u00e7\u00e3o receber\u00e1 cinco profissionais; dois ser\u00e3o enviados \u00e0 Unidade de Sa\u00fade Ocupacional (USO), pertencente \u00e0 SECAD; e outros dois atuar\u00e3o no servi\u00e7o de assist\u00eancia social da SEDES.<\/p>\n<p style=\"font-weight: 400;\">\n<p style=\"font-weight: 400;\">\n<p style=\"font-weight: 400;\">&#8212;<\/p>\n<p style=\"font-weight: 400;\"><strong>Prefeitura de S\u00e3o Sebasti\u00e3o<br \/>\n<a href=\"http:\/\/www.saosebastiao.sp.gov.br\/\" data-saferedirecturl=\"https:\/\/www.google.com\/url?q=http:\/\/www.saosebastiao.sp.gov.br\/&amp;source=gmail&amp;ust=1647094247642000&amp;usg=AOvVaw2KXB-Wgi3fxLB1vGYsVdHS\">www.saosebastiao.sp.gov.br<\/a>\u00a0<\/strong><\/p>\n","protected":false},"excerpt":{"rendered":"<p>A Prefeitura de S\u00e3o Sebasti\u00e3o, por meio do Departamento de Gest\u00e3o de Pessoas, vinculado \u00e0 Secretaria de Administra\u00e7\u00e3o (SECAD), convocou 16 psic\u00f3logos aprovados no concurso p\u00fablico 01\/2019. Os novos servidores integrar\u00e3o o quadro funcional das Secretarias de Sa\u00fade (SESAU), Educa\u00e7\u00e3o (SEDUC), SECAD e Desenvolvimento Econ\u00f4mico e Social (SEDES), atuando nos v\u00e1rios equipamentos p\u00fablicos vinculados a [&hellip;]<\/p>\n","protected":false},"author":26,"featured_media":2099,"comment_status":"open","ping_status":"open","sticky":false,"template":"","format":"standard","meta":{"footnotes":""},"categories":[7,13,10],"tags":[],"class_list":["post-2098","post","type-post","status-publish","format-standard","has-post-thumbnail","hentry","category-destaque","category-sao-sebastiao","category-saude"],"aioseo_notices":[],"_links":{"self":[{"href":"https:\/\/lrm67.com\/index.php\/wp-json\/wp\/v2\/posts\/2098","targetHints":{"allow":["GET"]}}],"collection":[{"href":"https:\/\/lrm67.com\/index.php\/wp-json\/wp\/v2\/posts"}],"about":[{"href":"https:\/\/lrm67.com\/index.php\/wp-json\/wp\/v2\/types\/post"}],"author":[{"embeddable":true,"href":"https:\/\/lrm67.com\/index.php\/wp-json\/wp\/v2\/users\/26"}],"replies":[{"embeddable":true,"href":"https:\/\/lrm67.com\/index.php\/wp-json\/wp\/v2\/comments?post=2098"}],"version-history":[{"count":1,"href":"https:\/\/lrm67.com\/index.php\/wp-json\/wp\/v2\/posts\/2098\/revisions"}],"predecessor-version":[{"id":2100,"href":"https:\/\/lrm67.com\/index.php\/wp-json\/wp\/v2\/posts\/2098\/revisions\/2100"}],"wp:featuredmedia":[{"embeddable":true,"href":"https:\/\/lrm67.com\/index.php\/wp-json\/wp\/v2\/media\/2099"}],"wp:attachment":[{"href":"https:\/\/lrm67.com\/index.php\/wp-json\/wp\/v2\/media?parent=2098"}],"wp:term":[{"taxonomy":"category","embeddable":true,"href":"https:\/\/lrm67.com\/index.php\/wp-json\/wp\/v2\/categories?post=2098"},{"taxonomy":"post_tag","embeddable":true,"href":"https:\/\/lrm67.com\/index.php\/wp-json\/wp\/v2\/tags?post=2098"}],"curies":[{"name":"wp","href":"https:\/\/api.w.org\/{rel}","templated":true}]}}