{"id":2075,"date":"2022-03-10T19:38:17","date_gmt":"2022-03-10T22:38:17","guid":{"rendered":"https:\/\/lrm67.com\/?p=2075"},"modified":"2022-03-10T20:37:54","modified_gmt":"2022-03-10T23:37:54","slug":"defesa-civil-de-sao-sebaao-alerta-para-previsao-de-chuvas-fortes-e-continuas-nos-proximos-dias","status":"publish","type":"post","link":"https:\/\/lrm67.com\/index.php\/2022\/03\/10\/defesa-civil-de-sao-sebaao-alerta-para-previsao-de-chuvas-fortes-e-continuas-nos-proximos-dias\/","title":{"rendered":"Defesa Civil de S\u00e3o Sebasti\u00e3o alerta para previs\u00e3o de chuvas fortes e cont\u00ednuas nos pr\u00f3ximos dias"},"content":{"rendered":"<p>A Prefeitura de S\u00e3o Sebasti\u00e3o, por meio da Defesa Civil, vinculada \u00e0 Secretaria de Seguran\u00e7a Urbana (SEGUR), informa que h\u00e1 previs\u00e3o de chuvas fortes e cont\u00ednuas, seguidas de raios, ventos e granizo, entre sexta-feira (11) e domingo (13).<u><\/u><u><\/u><\/p>\n<p>A for\u00e7a de salvamento refor\u00e7a para que a popula\u00e7\u00e3o fique atenta a \u00e1reas de risco, pois h\u00e1 previs\u00e3o de acumulados elevados nessas 72 horas (cerca de 150mm), podendo tornar o solo muito \u00famido e propiciar deslizamentos, desabamentos, alagamentos, quedas de \u00e1rvores e desabamentos de muros.<u><\/u><u><\/u><\/p>\n<p>A administra\u00e7\u00e3o municipal orienta \u00e0 popula\u00e7\u00e3o que fique atenta \u00e0 topografia do solo e, caso repare deslocamento de terra ou poss\u00edvel desastre, deixe o local de risco e entre em contato pelo 199.<u><\/u><u><\/u><\/p>\n<p>Outros telefones de emerg\u00eancia s\u00e3o:<u><\/u><u><\/u><\/p>\n<p><u><\/u>\u00b7\u00a0\u00a0\u00a0\u00a0\u00a0\u00a0\u00a0\u00a0\u00a0<u><\/u><strong>Pol\u00edcia Municipal:<\/strong>\u00a0153<u><\/u><u><\/u><\/p>\n<p><u><\/u>\u00b7\u00a0\u00a0\u00a0\u00a0\u00a0\u00a0\u00a0\u00a0\u00a0<u><\/u><strong>Pol\u00edcia Militar:<\/strong>\u00a0190<u><\/u><u><\/u><\/p>\n<p><u><\/u>\u00b7\u00a0\u00a0\u00a0\u00a0\u00a0\u00a0\u00a0\u00a0\u00a0<u><\/u><strong>SAMU:<\/strong>\u00a0192<u><\/u><u><\/u><\/p>\n<p><u><\/u>\u00b7\u00a0\u00a0\u00a0\u00a0\u00a0\u00a0\u00a0\u00a0\u00a0<u><\/u><strong>Corpo de Bombeiros:<\/strong>\u00a0193<\/p>\n","protected":false},"excerpt":{"rendered":"<p>A Prefeitura de S\u00e3o Sebasti\u00e3o, por meio da Defesa Civil, vinculada \u00e0 Secretaria de Seguran\u00e7a Urbana (SEGUR), informa que h\u00e1 previs\u00e3o de chuvas fortes e cont\u00ednuas, seguidas de raios, ventos e granizo, entre sexta-feira (11) e domingo (13). A for\u00e7a de salvamento refor\u00e7a para que a popula\u00e7\u00e3o fique atenta a \u00e1reas de risco, pois h\u00e1 [&hellip;]<\/p>\n","protected":false},"author":26,"featured_media":2076,"comment_status":"open","ping_status":"open","sticky":false,"template":"","format":"standard","meta":{"footnotes":""},"categories":[7,2,13],"tags":[],"class_list":["post-2075","post","type-post","status-publish","format-standard","has-post-thumbnail","hentry","category-destaque","category-geral","category-sao-sebastiao"],"aioseo_notices":[],"_links":{"self":[{"href":"https:\/\/lrm67.com\/index.php\/wp-json\/wp\/v2\/posts\/2075","targetHints":{"allow":["GET"]}}],"collection":[{"href":"https:\/\/lrm67.com\/index.php\/wp-json\/wp\/v2\/posts"}],"about":[{"href":"https:\/\/lrm67.com\/index.php\/wp-json\/wp\/v2\/types\/post"}],"author":[{"embeddable":true,"href":"https:\/\/lrm67.com\/index.php\/wp-json\/wp\/v2\/users\/26"}],"replies":[{"embeddable":true,"href":"https:\/\/lrm67.com\/index.php\/wp-json\/wp\/v2\/comments?post=2075"}],"version-history":[{"count":1,"href":"https:\/\/lrm67.com\/index.php\/wp-json\/wp\/v2\/posts\/2075\/revisions"}],"predecessor-version":[{"id":2077,"href":"https:\/\/lrm67.com\/index.php\/wp-json\/wp\/v2\/posts\/2075\/revisions\/2077"}],"wp:featuredmedia":[{"embeddable":true,"href":"https:\/\/lrm67.com\/index.php\/wp-json\/wp\/v2\/media\/2076"}],"wp:attachment":[{"href":"https:\/\/lrm67.com\/index.php\/wp-json\/wp\/v2\/media?parent=2075"}],"wp:term":[{"taxonomy":"category","embeddable":true,"href":"https:\/\/lrm67.com\/index.php\/wp-json\/wp\/v2\/categories?post=2075"},{"taxonomy":"post_tag","embeddable":true,"href":"https:\/\/lrm67.com\/index.php\/wp-json\/wp\/v2\/tags?post=2075"}],"curies":[{"name":"wp","href":"https:\/\/api.w.org\/{rel}","templated":true}]}}