{"id":2072,"date":"2022-03-10T18:51:34","date_gmt":"2022-03-10T21:51:34","guid":{"rendered":"https:\/\/lrm67.com\/?p=2072"},"modified":"2022-03-10T20:35:15","modified_gmt":"2022-03-10T23:35:15","slug":"felipe-augu-assina-decreto-que-desobriga-o-uso-de-mascaras-em-locais-abertos","status":"publish","type":"post","link":"https:\/\/lrm67.com\/index.php\/2022\/03\/10\/felipe-augu-assina-decreto-que-desobriga-o-uso-de-mascaras-em-locais-abertos\/","title":{"rendered":"Felipe Augusto assina decreto que desobriga o uso de m\u00e1scaras em locais abertos"},"content":{"rendered":"<p style=\"font-weight: 400;\">O prefeito de S\u00e3o Sebasti\u00e3o, Felipe Augusto,\u00a0ap\u00f3s posicionamento do Comit\u00ea de Gest\u00e3o de Crise de Enfrentamento ao Coronav\u00edrus (CGC),\u00a0acompanhou a decis\u00e3o do governo do Estado e assinou, nesta quinta-feira (10), o decreto municipal n\u00ba 8474\/2022, sobre a libera\u00e7\u00e3o do\u00a0uso das m\u00e1scaras em ambiente aberto,\u00a0exceto em hospitais, estabelecimentos p\u00fablicos de sa\u00fade, unidades escolares e transporte p\u00fablico coletivo. Fica mantido o protocolo de higieniza\u00e7\u00e3o das m\u00e3os com o uso de \u00e1lcool em gel.<\/p>\n<p style=\"font-weight: 400;\">A decis\u00e3o, baseada em an\u00e1lises do Comit\u00ea de Enfrentamento ao Coronav\u00edrus, deve-se ao avan\u00e7o da vacina\u00e7\u00e3o na cidade e \u00e0 queda dos n\u00fameros de atendimentos \u00e0s s\u00edndromes gripais e de casos confirmados e atendidos por Covid-19. \u201cEstamos vivendo uma situa\u00e7\u00e3o mais segura, em rela\u00e7\u00e3o \u00e0 pandemia. Por isso, foi poss\u00edvel tomar essa importante medida\u201d, destacou o prefeito.<\/p>\n<p style=\"font-weight: 400;\">O decreto assinado por Felipe tem efeito a partir desta quinta-feira, por ter sido publicado no Di\u00e1rio Oficial do Munic\u00edpio.\u00a0O uso de m\u00e1scaras em estabelecimentos comerciais passa a ser facultativo, assim como torna-se opcional em locais como vias p\u00fablicas, parques, ambientes escolares abertos, shows e eventos ao ar livre.<\/p>\n<p style=\"font-weight: 400;\">Tamb\u00e9m recomenda a continuidade do uso por pessoas com sintomas gripais, idosos e pessoas com comorbidades que n\u00e3o tenham tomado a dose de refor\u00e7o, assim como pessoas com o ciclo vacinal incompleto.<\/p>\n<p style=\"font-weight: 400;\">Em seu artigo 2\u00ba, o decreto municipal recomenda o uso de m\u00e1scara nos seguintes casos: pessoas com sintomas gripais; idosos e pessoas com comorbidades que n\u00e3o tenham tomado a dose de refor\u00e7o e pessoas com ciclo vacinal incompleto.<\/p>\n<p style=\"font-weight: 400;\"><strong>N\u00fameros<\/strong><\/p>\n<p style=\"font-weight: 400;\">O decreto considera a diminui\u00e7\u00e3o no n\u00famero de casos de COVID-19 e de s\u00edndrome respirat\u00f3ria (H3N2) no munic\u00edpio. As medidas poder\u00e3o ser reavaliadas a qualquer momento.<\/p>\n<p style=\"font-weight: 400;\">Segundo relat\u00f3rio divulgado pela Secretaria de Sa\u00fade, nesta quarta-feira (9) os n\u00fameros dos atendimentos hospitalares por s\u00edndrome gripal continuaram em queda. Foram 53 atendimentos no PA (Pronto Atendimento) de Boi\u00e7ucanga e 46 na UPA (Unidade de Pronto Atendimento) Centro. Foram confirmados somente 6 novos casos de Covid; nenhum novo \u00f3bito e somente 12 casos de Covid-19 em acompanhamento; a taxa de recupera\u00e7\u00e3o do munic\u00edpio se manteve em torno de 98,56%; sem interna\u00e7\u00f5es no munic\u00edpio e somente duas em hospitais fora da cidade.<\/p>\n<p style=\"font-weight: 400;\">A vacina\u00e7\u00e3o avan\u00e7ou ainda mais. S\u00e3o 182.018 pessoas imunizadas, sendo 80.361 com primeira dose; 70560 com segunda dose e 28746 de refor\u00e7o e 2351 com dose \u00fanica.<\/p>\n","protected":false},"excerpt":{"rendered":"<p>O prefeito de S\u00e3o Sebasti\u00e3o, Felipe Augusto,\u00a0ap\u00f3s posicionamento do Comit\u00ea de Gest\u00e3o de Crise de Enfrentamento ao Coronav\u00edrus (CGC),\u00a0acompanhou a decis\u00e3o do governo do Estado e assinou, nesta quinta-feira (10), o decreto municipal n\u00ba 8474\/2022, sobre a libera\u00e7\u00e3o do\u00a0uso das m\u00e1scaras em ambiente aberto,\u00a0exceto em hospitais, estabelecimentos p\u00fablicos de sa\u00fade, unidades escolares e transporte p\u00fablico [&hellip;]<\/p>\n","protected":false},"author":26,"featured_media":2073,"comment_status":"open","ping_status":"open","sticky":false,"template":"","format":"standard","meta":{"footnotes":""},"categories":[7,13,10],"tags":[],"class_list":["post-2072","post","type-post","status-publish","format-standard","has-post-thumbnail","hentry","category-destaque","category-sao-sebastiao","category-saude"],"aioseo_notices":[],"_links":{"self":[{"href":"https:\/\/lrm67.com\/index.php\/wp-json\/wp\/v2\/posts\/2072","targetHints":{"allow":["GET"]}}],"collection":[{"href":"https:\/\/lrm67.com\/index.php\/wp-json\/wp\/v2\/posts"}],"about":[{"href":"https:\/\/lrm67.com\/index.php\/wp-json\/wp\/v2\/types\/post"}],"author":[{"embeddable":true,"href":"https:\/\/lrm67.com\/index.php\/wp-json\/wp\/v2\/users\/26"}],"replies":[{"embeddable":true,"href":"https:\/\/lrm67.com\/index.php\/wp-json\/wp\/v2\/comments?post=2072"}],"version-history":[{"count":1,"href":"https:\/\/lrm67.com\/index.php\/wp-json\/wp\/v2\/posts\/2072\/revisions"}],"predecessor-version":[{"id":2074,"href":"https:\/\/lrm67.com\/index.php\/wp-json\/wp\/v2\/posts\/2072\/revisions\/2074"}],"wp:featuredmedia":[{"embeddable":true,"href":"https:\/\/lrm67.com\/index.php\/wp-json\/wp\/v2\/media\/2073"}],"wp:attachment":[{"href":"https:\/\/lrm67.com\/index.php\/wp-json\/wp\/v2\/media?parent=2072"}],"wp:term":[{"taxonomy":"category","embeddable":true,"href":"https:\/\/lrm67.com\/index.php\/wp-json\/wp\/v2\/categories?post=2072"},{"taxonomy":"post_tag","embeddable":true,"href":"https:\/\/lrm67.com\/index.php\/wp-json\/wp\/v2\/tags?post=2072"}],"curies":[{"name":"wp","href":"https:\/\/api.w.org\/{rel}","templated":true}]}}