{"id":2064,"date":"2022-03-10T15:10:51","date_gmt":"2022-03-10T18:10:51","guid":{"rendered":"https:\/\/lrm67.com\/?p=2064"},"modified":"2022-03-10T15:10:51","modified_gmt":"2022-03-10T18:10:51","slug":"oficinas-culturais-da-fundacc-retomam-aulas-presenciais-e-seguem-com-matriculas-abertas","status":"publish","type":"post","link":"https:\/\/lrm67.com\/index.php\/2022\/03\/10\/oficinas-culturais-da-fundacc-retomam-aulas-presenciais-e-seguem-com-matriculas-abertas\/","title":{"rendered":"Oficinas Culturais da Fundacc retomam aulas presenciais e seguem com matr\u00edculas abertas"},"content":{"rendered":"<p style=\"font-weight: 400;\">As Oficinas Culturais da Fundacc \u2013 Funda\u00e7\u00e3o Educacional e Cultural de Caraguatatuba retomaram atividades presenciais em mar\u00e7o com aulas nos per\u00edodos da manh\u00e3, tarde e noite nos Centros Culturais do Perequ\u00ea-Mirim, Travess\u00e3o, Barranco Alto, Poiares, Ponte Seca, Sumar\u00e9, Olaria, Massagua\u00e7u e na sede.<\/p>\n<p style=\"font-weight: 400;\">A retomada foi marcada pelo encontro da presidente da Funda\u00e7\u00e3o Silmara Mattiazzo com os artistas orientadores que prestar\u00e3o servi\u00e7o junto \u00e0s Oficinas. Na ocasi\u00e3o, a presidente aproveitou para passar diretrizes para um retorno seguro e eficiente para todos, onde salientou a import\u00e2ncia do trabalho prestado pelos artistas junto \u00e0 comunidade.<\/p>\n<p style=\"font-weight: 400;\">\u201cVoc\u00eas fazem a diferen\u00e7a para nossos alunos. S\u00e3o voc\u00eas, que com carinho e paix\u00e3o pela arte, proporcionam o melhor a todos que buscam as oficinas, um lugar de aprendizado, de ref\u00fagio, de descobertas e acolhimento. Finalmente estamos retornando ao campo presencial e a alegria que isso nos proporciona \u00e9 indescrit\u00edvel\u201d, disse.<\/p>\n<p style=\"font-weight: 400;\">A presidente aproveitou a ocasi\u00e3o para agradecer o apoio do prefeito Aguilar Junior, \u201cparceiro da cultura, que sempre fez o poss\u00edvel e imposs\u00edvel para que houvesse a descentraliza\u00e7\u00e3o das atividades da Fundacc\u201d, para que assim todos os mun\u00edcipes pudessem acessar de forma democr\u00e1tica os cursos e atividades do setor.<\/p>\n<p style=\"font-weight: 400;\">\u201cS\u00e3o hist\u00f3rias como a de Eduardo Capponero e sua m\u00e3e Helena que fazem a diferen\u00e7a para n\u00f3s. \u00c9 para isso que estamos aqui, para atender e incluir a todos que nos buscarem, sempre com carinho e satisfa\u00e7\u00e3o por estarmos semeando a arte e a cultura em nossa sociedade\u201d, salientou a presidente.<\/p>\n<p style=\"font-weight: 400;\">Eduardo Capponero tem 27 anos, \u00e9 deficiente auditivo, e est\u00e1 matriculado nas oficinas de bateria e mang\u00e1 desde 2018. Segundo sua m\u00e3e, Helena, durante a pandemia, com as atividades das Oficinas Culturais inteiramente online, Eduardo sentiu dificuldade para acompanhar as aulas, por\u00e9m, ela conta que continuou a ter contato com os professores e que eles prestaram total apoio mesmo que \u00e0 dist\u00e2ncia, assim garantindo que o aprendizado de Eduardo pudesse continuar em um momento t\u00e3o delicado de isolamento e reclus\u00e3o.<\/p>\n<p style=\"font-weight: 400;\">\u00a0\u201cO Fernando [Pilatti] e o Andr\u00e9 [Edney] n\u00e3o sabem libras, e mesmo assim eles estabeleceram uma comunica\u00e7\u00e3o super eficiente com o Edu, e o Edu adora os dois, se sente super \u00e0 vontade a ponto de demonstrar, de colocar pra fora os sentimentos dele atrav\u00e9s da m\u00fasica e do desenho, o que \u00e9 dif\u00edcil para uma pessoa com dificuldade na comunica\u00e7\u00e3o, como \u00e9 o caso dos surdos. E a comunica\u00e7\u00e3o para o crescimento de cada um \u00e9 muito importante. E, ele consegue. Ele conseguiu. Os professores conseguiram\u201d, relatou Helena.<\/p>\n<p style=\"font-weight: 400;\">As Oficinas Culturais da Fundacc seguem com vagas abertas, e os interessados em realizar a matr\u00edcula podem comparecer aos Polos Culturais de segunda a sexta-feira, das 9h \u00e0s 12h e das 13h30 \u00e0s 17h, com um documento de identidade, RG\/CPF ou certid\u00e3o de nascimento, e um comprovante de resid\u00eancia. Menores de 18 anos devem estar acompanhados pelo respons\u00e1vel legal e ambos devem apresentar os documentos pessoais.<\/p>\n<p style=\"font-weight: 400;\">Com atividades de aspecto predominantemente pr\u00e1tico e cultural, de forma extensiva e regular, realizadas semanalmente, de 7 de mar\u00e7o a 30 de junho e de 1\u00ba de agosto a 30 de novembro de 2022, as Oficinas Culturais oferecem cursos para diversas faixas et\u00e1rias que proporcionam a valoriza\u00e7\u00e3o do cidad\u00e3o, a inclus\u00e3o cultural e social, assim como o incentivo a novos talentos e o desenvolvimento pessoal e intelectual, al\u00e9m de auxiliar na forma\u00e7\u00e3o de cidad\u00e3os mais conscientes.<\/p>\n","protected":false},"excerpt":{"rendered":"<p>As Oficinas Culturais da Fundacc \u2013 Funda\u00e7\u00e3o Educacional e Cultural de Caraguatatuba retomaram atividades presenciais em mar\u00e7o com aulas nos per\u00edodos da manh\u00e3, tarde e noite nos Centros Culturais do Perequ\u00ea-Mirim, Travess\u00e3o, Barranco Alto, Poiares, Ponte Seca, Sumar\u00e9, Olaria, Massagua\u00e7u e na sede. A retomada foi marcada pelo encontro da presidente da Funda\u00e7\u00e3o Silmara Mattiazzo [&hellip;]<\/p>\n","protected":false},"author":26,"featured_media":2065,"comment_status":"open","ping_status":"open","sticky":false,"template":"","format":"standard","meta":{"footnotes":""},"categories":[8,7,2],"tags":[],"class_list":["post-2064","post","type-post","status-publish","format-standard","has-post-thumbnail","hentry","category-caraguatatuba","category-destaque","category-geral"],"aioseo_notices":[],"_links":{"self":[{"href":"https:\/\/lrm67.com\/index.php\/wp-json\/wp\/v2\/posts\/2064","targetHints":{"allow":["GET"]}}],"collection":[{"href":"https:\/\/lrm67.com\/index.php\/wp-json\/wp\/v2\/posts"}],"about":[{"href":"https:\/\/lrm67.com\/index.php\/wp-json\/wp\/v2\/types\/post"}],"author":[{"embeddable":true,"href":"https:\/\/lrm67.com\/index.php\/wp-json\/wp\/v2\/users\/26"}],"replies":[{"embeddable":true,"href":"https:\/\/lrm67.com\/index.php\/wp-json\/wp\/v2\/comments?post=2064"}],"version-history":[{"count":1,"href":"https:\/\/lrm67.com\/index.php\/wp-json\/wp\/v2\/posts\/2064\/revisions"}],"predecessor-version":[{"id":2066,"href":"https:\/\/lrm67.com\/index.php\/wp-json\/wp\/v2\/posts\/2064\/revisions\/2066"}],"wp:featuredmedia":[{"embeddable":true,"href":"https:\/\/lrm67.com\/index.php\/wp-json\/wp\/v2\/media\/2065"}],"wp:attachment":[{"href":"https:\/\/lrm67.com\/index.php\/wp-json\/wp\/v2\/media?parent=2064"}],"wp:term":[{"taxonomy":"category","embeddable":true,"href":"https:\/\/lrm67.com\/index.php\/wp-json\/wp\/v2\/categories?post=2064"},{"taxonomy":"post_tag","embeddable":true,"href":"https:\/\/lrm67.com\/index.php\/wp-json\/wp\/v2\/tags?post=2064"}],"curies":[{"name":"wp","href":"https:\/\/api.w.org\/{rel}","templated":true}]}}