{"id":2058,"date":"2022-03-10T14:58:37","date_gmt":"2022-03-10T17:58:37","guid":{"rendered":"https:\/\/lrm67.com\/?p=2058"},"modified":"2022-03-10T14:58:37","modified_gmt":"2022-03-10T17:58:37","slug":"prefeito-felipe-augusto-preparou-festival-gastronomico-para-comemorar-o-dia-do-caicara-e-o-aniversario-de-386-anos-de-sao-sebastiao","status":"publish","type":"post","link":"https:\/\/lrm67.com\/index.php\/2022\/03\/10\/prefeito-felipe-augusto-preparou-festival-gastronomico-para-comemorar-o-dia-do-caicara-e-o-aniversario-de-386-anos-de-sao-sebastiao\/","title":{"rendered":"Prefeito Felipe Augusto preparou Festival Gastron\u00f4mico para comemorar o \u201cDia do Cai\u00e7ara\u201d e o anivers\u00e1rio de 386 anos de S\u00e3o Sebasti\u00e3o"},"content":{"rendered":"<p style=\"font-weight: 400;\">O prefeito de S\u00e3o Sebasti\u00e3o, Felipe Augusto, preparou o 5\u00ba Festival Gastron\u00f4mico para comemorar o \u201cDia do Cai\u00e7ara\u201d e o anivers\u00e1rio de 386 anos de emancipa\u00e7\u00e3o pol\u00edtico- administrativa da cidade, celebrados nos dias 15 e 16 de mar\u00e7o. Outras atividades marcar\u00e3o as comemora\u00e7\u00f5es.<\/p>\n<p style=\"font-weight: 400;\">O festival, organizado pela prefeitura,\u00a0por meio da Secretaria de Turismo (SETUR) e da Funda\u00e7\u00e3o Educacional e Cultural \u201cDeodato Sant\u2019Anna\u201d (Fundass), de 11 a 16 de mar\u00e7o, das 17h \u00e0 meia-noite, no Complexo tur\u00edstico da Rua da Praia, reunir\u00e1 arte e boa gastronomia.<\/p>\n<p style=\"font-weight: 400;\">O evento, com curadoria do chef cai\u00e7ara Eudes Assis, ter\u00e1\u00a0\u201cCozinha Show\u201d com renomados chefs como: Jimmy Ogro, rep\u00f3rter gastron\u00f4mico do\u00a0Mais Voc\u00ea (dia 11); Erick Jacquin, jurado do MasterChef (dia 12); Helena Rizzo, jurada do MasterChef (dia 13); Eudes Assis, chef cai\u00e7ara (dia 14); D\u00e1rio Costa, campe\u00e3o do Mestre do Sabor (dia 15) e Henrique Foga\u00e7a, jurado do MasterChef (dia 16).<\/p>\n<p style=\"font-weight: 400;\">Entre as atra\u00e7\u00f5es culturais do festival est\u00e3o exposi\u00e7\u00f5es fotogr\u00e1ficas: \u201cAlma Cai\u00e7ara, Nossa Gente Nossa Hist\u00f3ria\u201d e \u201cCai\u00e7aras\u201d; Oficinas de Cer\u00e2mica e de Tran\u00e7ado em Fibra Natural; Feitura de Farinha de Mandioca e Cunhagem de Canoa Cai\u00e7ara e, tamb\u00e9m, constam apresenta\u00e7\u00f5es musicais, com artistas locais e Banda dos fuzileiros navais. A Casa Cai\u00e7ara, localizada na Rua da Praia, estar\u00e1 aberta para visita\u00e7\u00e3o contando com demonstra\u00e7\u00f5es da culin\u00e1ria local, poesias e apresenta\u00e7\u00f5es culturais.<\/p>\n<p style=\"font-weight: 400;\">\n<p style=\"font-weight: 400;\"><strong>Dia do Cai\u00e7ara<\/strong><\/p>\n<p style=\"font-weight: 400;\">Em rela\u00e7\u00e3o ao Dia do Cai\u00e7ara, em 15 de mar\u00e7o, a prefeitura realizar\u00e1 uma extensa programa\u00e7\u00e3o de forma descentralizada, com atividades culturais na regi\u00e3o Central; na Enseada e em Boi\u00e7ucanga.\u00a0J\u00e1 houve shows com artistas locais nos dias 4, 5 e 6, e est\u00e3o previstas mais atra\u00e7\u00f5es para os dias 11 e 12 de mar\u00e7o, totalizando mais de 40 apresenta\u00e7\u00f5es musicais.\u00a0S\u00e3o 10 espa\u00e7os abertos, de Costa Sul a Norte, com shows na\u00a0Pra\u00e7a de Eventos, na Rua da Praia (Centro Hist\u00f3rico);\u00a0Pra\u00e7a do Artes\u00e3o, na Rua da Praia (Centro Hist\u00f3rico); Pra\u00e7a do Coreto, no Centro Hist\u00f3rico;\u00a0Pra\u00e7a da Vela, no Porto Grande;\u00a0Pra\u00e7a do Kitesurf, na Enseada;\u00a0Pra\u00e7a Internacional do Surf, em Maresias;\u00a0Pra\u00e7a do P\u00f4r do Sol, em Boi\u00e7ucanga;\u00a0Pra\u00e7a Ant\u00f4nia Dermetide de Jesus, em Juquehy;\u00a0Pra\u00e7a da Capela Bom Pastor, no bairro Boraceia; al\u00e9m de apresenta\u00e7\u00f5es itinerantes no bairro Barra do Una.\u00a0<strong>Confira a programa\u00e7\u00e3o no site da Fundass e da Prefeitura.<\/strong><\/p>\n<p style=\"font-weight: 400;\">Outros eventos marcar\u00e3o a data, como a\u00a0Corrida Anivers\u00e1rio da Cidade de S\u00e3o Sebasti\u00e3o, com<\/p>\n<p>inscri\u00e7\u00f5es (limitadas at\u00e9 400 vagas) at\u00e9 o dia 15 de mar\u00e7o pelo site (<a href=\"https:\/\/minhasinscricoes.com.br\/\" data-saferedirecturl=\"https:\/\/www.google.com\/url?q=https:\/\/minhasinscricoes.com.br&amp;source=gmail&amp;ust=1647021065718000&amp;usg=AOvVaw3RW54CvLNkbA6HI-kD_d7V\">https:\/\/minhasinscricoes.com.br<\/a>).<\/p>\n<p>A largada est\u00e1 prevista para ocorrer na Rua da Praia, no Centro Hist\u00f3rico, com trajeto sentido Pra\u00e7a da Vela (Porto Grande) e retorno ao ponto de origem. Haver\u00e1 a final do Torneio Anivers\u00e1rio da Cidade, \u00e0s 11h, no dia do anivers\u00e1rio da cidade, no Est\u00e1dio Municipal Otoniel Santos, no Varadouro. As semifinais ser\u00e3o realizadas neste domingo (13), no Est\u00e1dio. Jogam: \u00e0s 9h30: Boca Jr x G. Bareque\u00e7aba e \u00e0s 11h30: 100 Maldade x Juventude.<\/p>\n<p style=\"font-weight: 400;\"><strong>\u00a0<\/strong><\/p>\n<p style=\"font-weight: 400;\"><strong>Inaugura\u00e7\u00f5es<\/strong><\/p>\n<p style=\"font-weight: 400;\">Tamb\u00e9m no Dia do Cai\u00e7ara (15), \u00e0s 10h, o Felipe Augusto dever\u00e1 entregar o Rancho de Pescadores do bairro Cigarras.\u00a0O rancho, com\u00a090m\u00b2 e investimento de R$ 162 mil,\u00a0ir\u00e1 homenagear o cai\u00e7ara Chico Santana. Esse \u00e9 mais um espa\u00e7o cai\u00e7ara revitalizado entre outros j\u00e1 reformados ou em obra.<\/p>\n<p style=\"font-weight: 400;\">Outros quatro ranchos de pescadores foram reformados e reinaugurados: na praia de S\u00e3o Francisco, em 2019; Rancho dos Fortunatos, na Praia da Figueira; Rancho do Pararanga, em Porto Grande e Joaquina Peixoto de Oliveira\u201d, na Enseada. O rancho da praia de Boi\u00e7ucanga tamb\u00e9m est\u00e1 em reforma. Outros tr\u00eas ranchos ser\u00e3o constru\u00eddos em Pa\u00faba e o rancho de Maresias, conclu\u00eddo e entregue neste ano. Ao todo, est\u00e3o sendo investidos aproximadamente R$ 690 mil para amplia\u00e7\u00e3o do n\u00famero e melhorias das estruturas j\u00e1 existentes.<\/p>\n<p style=\"font-weight: 400;\">Os ranchos s\u00e3o padronizados com piso de concreto, esteio de madeira maci\u00e7a, alvenaria de entorno de at\u00e9 1 m com fechamento de madeira treli\u00e7ada at\u00e9 o telhado, coberto com telha de cer\u00e2mica. Al\u00e9m dos ranchos municipais, ainda existem, ao longo da cidade, mais 22 ranchos particulares, constru\u00eddos nos fundos das propriedades cai\u00e7aras e em faixa de marinha.<\/p>\n<p style=\"font-weight: 400;\">No dia 26 de mar\u00e7o dever\u00e1 ser entregue a obra de reforma e amplia\u00e7\u00e3o do\u00a0Gin\u00e1sio Municipal Jos\u00e9 de Souza Gringo \u201cGRING\u00c3O\u201d, o\u00a0principal gin\u00e1sio poliesportivo da cidade, que\u00a0teve sua capacidade ampliada de 604 para 852 lugares. A reforma contemplou a amplia\u00e7\u00e3o de aproximadamente 380 m\u00b2, totalizando uma \u00e1rea de 1,8 mil m\u00b2. O valor do investimento \u00e9 de mais de\u00a0R$ 4 milh\u00f5es.<\/p>\n<p style=\"font-weight: 400;\">Nesse m\u00eas do 386\u00ba anivers\u00e1rio, Felipe Augusto j\u00e1 entregou obras do Plaza Skate Park da Enseada, no dia 4 de mar\u00e7o; e o pr\u00e9dio do CREAS (Centro de Refer\u00eancia de Especialidades da Assist\u00eancia Social) e da Casa PodeRosa (que atende mulheres v\u00edtimas de viol\u00eancia dom\u00e9stica), na Costa Sul, no dia 8.<\/p>\n<p style=\"font-weight: 400;\">\n","protected":false},"excerpt":{"rendered":"<p>O prefeito de S\u00e3o Sebasti\u00e3o, Felipe Augusto, preparou o 5\u00ba Festival Gastron\u00f4mico para comemorar o \u201cDia do Cai\u00e7ara\u201d e o anivers\u00e1rio de 386 anos de emancipa\u00e7\u00e3o pol\u00edtico- administrativa da cidade, celebrados nos dias 15 e 16 de mar\u00e7o. Outras atividades marcar\u00e3o as comemora\u00e7\u00f5es. O festival, organizado pela prefeitura,\u00a0por meio da Secretaria de Turismo (SETUR) e [&hellip;]<\/p>\n","protected":false},"author":26,"featured_media":2059,"comment_status":"open","ping_status":"open","sticky":false,"template":"","format":"standard","meta":{"footnotes":""},"categories":[7,2,13],"tags":[],"class_list":["post-2058","post","type-post","status-publish","format-standard","has-post-thumbnail","hentry","category-destaque","category-geral","category-sao-sebastiao"],"aioseo_notices":[],"_links":{"self":[{"href":"https:\/\/lrm67.com\/index.php\/wp-json\/wp\/v2\/posts\/2058","targetHints":{"allow":["GET"]}}],"collection":[{"href":"https:\/\/lrm67.com\/index.php\/wp-json\/wp\/v2\/posts"}],"about":[{"href":"https:\/\/lrm67.com\/index.php\/wp-json\/wp\/v2\/types\/post"}],"author":[{"embeddable":true,"href":"https:\/\/lrm67.com\/index.php\/wp-json\/wp\/v2\/users\/26"}],"replies":[{"embeddable":true,"href":"https:\/\/lrm67.com\/index.php\/wp-json\/wp\/v2\/comments?post=2058"}],"version-history":[{"count":1,"href":"https:\/\/lrm67.com\/index.php\/wp-json\/wp\/v2\/posts\/2058\/revisions"}],"predecessor-version":[{"id":2060,"href":"https:\/\/lrm67.com\/index.php\/wp-json\/wp\/v2\/posts\/2058\/revisions\/2060"}],"wp:featuredmedia":[{"embeddable":true,"href":"https:\/\/lrm67.com\/index.php\/wp-json\/wp\/v2\/media\/2059"}],"wp:attachment":[{"href":"https:\/\/lrm67.com\/index.php\/wp-json\/wp\/v2\/media?parent=2058"}],"wp:term":[{"taxonomy":"category","embeddable":true,"href":"https:\/\/lrm67.com\/index.php\/wp-json\/wp\/v2\/categories?post=2058"},{"taxonomy":"post_tag","embeddable":true,"href":"https:\/\/lrm67.com\/index.php\/wp-json\/wp\/v2\/tags?post=2058"}],"curies":[{"name":"wp","href":"https:\/\/api.w.org\/{rel}","templated":true}]}}