{"id":2032,"date":"2022-03-10T09:11:02","date_gmt":"2022-03-10T12:11:02","guid":{"rendered":"https:\/\/lrm67.com\/?p=2032"},"modified":"2022-03-10T09:11:02","modified_gmt":"2022-03-10T12:11:02","slug":"camara-aprova-e-prefeitura-de-ilhabela-concede-reajuste-de-15-para-beneficiados-do-programa-sos-trabalho","status":"publish","type":"post","link":"https:\/\/lrm67.com\/index.php\/2022\/03\/10\/camara-aprova-e-prefeitura-de-ilhabela-concede-reajuste-de-15-para-beneficiados-do-programa-sos-trabalho\/","title":{"rendered":"C\u00e2mara aprova e Prefeitura de Ilhabela concede reajuste de 15% para beneficiados do Programa SOS Trabalho"},"content":{"rendered":"<p style=\"font-weight: 400;\">Os vereadores da C\u00e2mara de Ilhabela aprovaram na \u00faltima ter\u00e7a-feira (8\/3) o projeto de lei da Prefeitura, que promove reajuste na bolsa-aux\u00edlio de 15% aos beneficiados do\u00a0Programa S.O.S. Trabalho, Qualifica\u00e7\u00e3o Profissional e Alfabetiza\u00e7\u00e3o.<\/p>\n<p style=\"font-weight: 400;\">Com o reajuste, a bolsa aux\u00edlio passa de R$ 900 para R$ 1.035,00. Eles tamb\u00e9m recebem cart\u00e3o alimenta\u00e7\u00e3o e participam de cursos para a recoloca\u00e7\u00e3o do cidad\u00e3o no mercado de trabalho.<\/p>\n<p style=\"font-weight: 400;\">\u201cConsideramos relevante promover o reajuste para que o poder de compra dos cidad\u00e3os atendidos por esse Programa n\u00e3o seja reduzido. A proposta tamb\u00e9m visa atender as diversas solicita\u00e7\u00f5es dos vereadores para que o valor da bolsa-aux\u00edlio fosse reajustado\u201d, disse o Prefeito de Ilhabela, Toninho Colucci.<\/p>\n<p style=\"font-weight: 400;\">Atualmente, o programa atende cerca de 600 cidad\u00e3os e visa proporcionar ocupa\u00e7\u00e3o, qualifica\u00e7\u00e3o profissional, alfabetiza\u00e7\u00e3o e renda para cidad\u00e3os de todas as idades, inclusive aos jovens de 18 a 25 anos, integrantes de parte da parcela da popula\u00e7\u00e3o desempregada residente no Munic\u00edpio.<\/p>\n<p style=\"font-weight: 400;\">\n<p style=\"font-weight: 400;\">\n<p style=\"font-weight: 400;\">Camila Migliorini<\/p>\n<p style=\"font-weight: 400;\">Assessoria de Imprensa Prefeitura de Ilhabela<\/p>\n","protected":false},"excerpt":{"rendered":"<p>Os vereadores da C\u00e2mara de Ilhabela aprovaram na \u00faltima ter\u00e7a-feira (8\/3) o projeto de lei da Prefeitura, que promove reajuste na bolsa-aux\u00edlio de 15% aos beneficiados do\u00a0Programa S.O.S. Trabalho, Qualifica\u00e7\u00e3o Profissional e Alfabetiza\u00e7\u00e3o. Com o reajuste, a bolsa aux\u00edlio passa de R$ 900 para R$ 1.035,00. Eles tamb\u00e9m recebem cart\u00e3o alimenta\u00e7\u00e3o e participam de cursos [&hellip;]<\/p>\n","protected":false},"author":26,"featured_media":2033,"comment_status":"open","ping_status":"open","sticky":false,"template":"","format":"standard","meta":{"footnotes":""},"categories":[7,4,3],"tags":[],"class_list":["post-2032","post","type-post","status-publish","format-standard","has-post-thumbnail","hentry","category-destaque","category-economia","category-ilhabela"],"aioseo_notices":[],"_links":{"self":[{"href":"https:\/\/lrm67.com\/index.php\/wp-json\/wp\/v2\/posts\/2032","targetHints":{"allow":["GET"]}}],"collection":[{"href":"https:\/\/lrm67.com\/index.php\/wp-json\/wp\/v2\/posts"}],"about":[{"href":"https:\/\/lrm67.com\/index.php\/wp-json\/wp\/v2\/types\/post"}],"author":[{"embeddable":true,"href":"https:\/\/lrm67.com\/index.php\/wp-json\/wp\/v2\/users\/26"}],"replies":[{"embeddable":true,"href":"https:\/\/lrm67.com\/index.php\/wp-json\/wp\/v2\/comments?post=2032"}],"version-history":[{"count":1,"href":"https:\/\/lrm67.com\/index.php\/wp-json\/wp\/v2\/posts\/2032\/revisions"}],"predecessor-version":[{"id":2034,"href":"https:\/\/lrm67.com\/index.php\/wp-json\/wp\/v2\/posts\/2032\/revisions\/2034"}],"wp:featuredmedia":[{"embeddable":true,"href":"https:\/\/lrm67.com\/index.php\/wp-json\/wp\/v2\/media\/2033"}],"wp:attachment":[{"href":"https:\/\/lrm67.com\/index.php\/wp-json\/wp\/v2\/media?parent=2032"}],"wp:term":[{"taxonomy":"category","embeddable":true,"href":"https:\/\/lrm67.com\/index.php\/wp-json\/wp\/v2\/categories?post=2032"},{"taxonomy":"post_tag","embeddable":true,"href":"https:\/\/lrm67.com\/index.php\/wp-json\/wp\/v2\/tags?post=2032"}],"curies":[{"name":"wp","href":"https:\/\/api.w.org\/{rel}","templated":true}]}}