{"id":1952,"date":"2022-03-08T11:01:30","date_gmt":"2022-03-08T14:01:30","guid":{"rendered":"https:\/\/lrm67.com\/?p=1952"},"modified":"2022-03-08T11:01:30","modified_gmt":"2022-03-08T14:01:30","slug":"praca-da-cultura-recebe-2a-edicao-do-momento-cultural-lei-aldir-blanc-caraguatatuba","status":"publish","type":"post","link":"https:\/\/lrm67.com\/index.php\/2022\/03\/08\/praca-da-cultura-recebe-2a-edicao-do-momento-cultural-lei-aldir-blanc-caraguatatuba\/","title":{"rendered":"Pra\u00e7a da Cultura recebe 2\u00aa edi\u00e7\u00e3o do \u2018Momento Cultural: Lei Aldir Blanc Caraguatatuba\u2019"},"content":{"rendered":"<p style=\"font-weight: 400;\">A FUNDACC \u2013 Funda\u00e7\u00e3o Educacional e Cultural de Caraguatatuba e a Prefeitura Municipal apresentam a 2\u00aa edi\u00e7\u00e3o do \u2018<strong><em>Momento Cultural: Lei Aldir Blanc Caraguatatuba\u2019<\/em><\/strong>, festival de arte e cultura com projetos contemplados pela Lei de incentivo no munic\u00edpio, que ocorre neste s\u00e1bado (12), na Pra\u00e7a Cultura (Avenida da Praia), no Centro.<\/p>\n<p style=\"font-weight: 400;\">O Festival come\u00e7a a partir das 14h e contar\u00e1 com shows de m\u00fasicos locais com repert\u00f3rios que variam entre o Sertanejo, a M\u00fasica Popular Brasileira (MPB), o Pop e Rock, Reggae e o Trap.<\/p>\n<p style=\"font-weight: 400;\">Al\u00e9m das apresenta\u00e7\u00f5es musicais, o Festival contar\u00e1 tamb\u00e9m com apresenta\u00e7\u00f5es coletivas e individuais de Dan\u00e7as Urbanas, Forr\u00f3, Dan\u00e7a Contempor\u00e2nea, Ballet Cl\u00e1ssico e Jazz, al\u00e9m da performance de \u2018Dancin Days\u2019.<\/p>\n<p style=\"font-weight: 400;\">A partir das 15h, estar\u00e1 aberta \u00e0 visita\u00e7\u00e3o as exposi\u00e7\u00f5es \u2018Passagens: Uma brincadeira Cai\u00e7ara\u2019, da ceramista Cl\u00e1udia Canova; \u2018A grande maloca\u2019, do grupo Ubuntu Caraguatatuba, com os ceramistas Cl\u00e1udia Canova, Carlo Cury, Lu Chiata, Zandon\u00e1; a \u2018Exposi\u00e7\u00e3o de Quilling\u2019 &#8211; forma de desenhos feitos de pap\u00e9is, fitas de cetim e outros materiais -, de Mel Cursi, e a \u2018Exposi\u00e7\u00e3o Revendo a Madeira\u2019, de Juliano Junqueira.<\/p>\n<p style=\"font-weight: 400;\">Em paralelo, ocorre, das 14h \u00e0s 20h, a Oficina de Berimbau e Pandeiro Ecol\u00f3gico, a Oficina de tran\u00e7as \u2018Tran\u00e7ar \u00e9 Identidade e Arte\u2019 e o \u2018Sarau Art\u00edstico Liter\u00e1rio: Caf\u00e9 Cai\u00e7ara\u2019.<\/p>\n<p style=\"font-weight: 400;\">E, encerrando o Festival \u00e9 a vez da apresenta\u00e7\u00e3o do \u2018Forr\u00f3 de Todos\u2019, com muita dan\u00e7a e m\u00fasica boa que garantir\u00e1 um finalzinho de noite bem animado a todos os forrozeiros de plant\u00e3o.<\/p>\n<p style=\"font-weight: 400;\"><strong>Confira a programa\u00e7\u00e3o:<\/strong><\/p>\n<p style=\"font-weight: 400;\"><strong>12 de mar\u00e7o (s\u00e1bado)<\/strong><\/p>\n<p style=\"font-weight: 400;\">\n<p style=\"font-weight: 400;\"><strong>Pra\u00e7a da Cultura (Avenida da Praia)<\/strong>\u00a0\u2013 14h \u00e0s 21h<\/p>\n<p style=\"font-weight: 400;\">Local:\u00a0Avenida Dr. Arthur da Costa Filho \u2013 Centro<\/p>\n<p style=\"font-weight: 400;\">\n<p style=\"font-weight: 400;\"><strong><u>Apresenta\u00e7\u00f5es Musicais<\/u><\/strong><\/p>\n<ul>\n<li style=\"font-weight: 400;\">14h \u00e0s 15h \u2013 Jo\u00e3o Marcos<\/li>\n<li style=\"font-weight: 400;\">15h \u00e0s 16h \u2013 Mayara Nascimento<\/li>\n<li style=\"font-weight: 400;\">16h \u00e0s 17h \u2013 Banda Acoustic Rock<\/li>\n<li style=\"font-weight: 400;\">17h \u00e0s 18h \u2013 Bichos da Costeira<\/li>\n<li style=\"font-weight: 400;\">18h \u00e0s 18h30 \u2013 Apresenta\u00e7\u00f5es de Dan\u00e7a<\/li>\n<li style=\"font-weight: 400;\">18h30 \u00e0s 19h \u2013 Marcos Felipe<\/li>\n<li style=\"font-weight: 400;\">19h \u00e0s 20h \u2013\u00a0Tio Lukk\u00e3o (Cabine808)<\/li>\n<li style=\"font-weight: 400;\">20h \u00e0s 20h15 \u2013 Dancin Days &#8211; Vers\u00e3o LGBT<\/li>\n<li style=\"font-weight: 400;\">20h15 \u00e0s 21h \u2013 Forr\u00f3 de Todos &#8211; Juntos Pela Cultura<\/li>\n<\/ul>\n<p style=\"font-weight: 400;\">\n<p style=\"font-weight: 400;\"><strong><u>Exposi\u00e7\u00f5es \u2013 das 15h \u00e0s 21h<\/u><\/strong><\/p>\n<p style=\"font-weight: 400;\">\n<ul>\n<li style=\"font-weight: 400;\">Passagens:\u00a0Uma brincadeira Cai\u00e7ara) &#8211; Cl\u00e1udia Canova<\/li>\n<li style=\"font-weight: 400;\">A grande maloca &#8211; grupo Ubuntu Caraguatatuba Ceramista<\/li>\n<li style=\"font-weight: 400;\">Exposi\u00e7\u00e3o de Quilling &#8211; Mel Cursi<\/li>\n<\/ul>\n<p style=\"font-weight: 400;\">\n<p style=\"font-weight: 400;\"><strong><u>Oficinas \u2013 das 14h \u00e0s 20h<\/u><\/strong><\/p>\n<p style=\"font-weight: 400;\">\n<ul>\n<li style=\"font-weight: 400;\">14h \u00e0s 16h \u2013 Oficina de Berimbau e pandeiro Ecol\u00f3gico \u2013 Eder Franco<\/li>\n<li style=\"font-weight: 400;\">16h \u00e0s 18h \u2013 Tran\u00e7ar \u00e9 Identidade e Arte (tran\u00e7as) \u2013 Mariane Garcia<\/li>\n<li style=\"font-weight: 400;\">18h \u00e0s 20h \u2013 Sarau Art\u00edstico Liter\u00e1rio Caf\u00e9 Cai\u00e7ara \u2013 Regina Nascimento<\/li>\n<\/ul>\n<p style=\"font-weight: 400;\">\n<p style=\"font-weight: 400;\">\n<p style=\"font-weight: 400;\"><strong><u>Em caso de d\u00favidas ou para mais informa\u00e7\u00f5es: (12) 3897-5660.<\/u><\/strong><\/p>\n","protected":false},"excerpt":{"rendered":"<p>A FUNDACC \u2013 Funda\u00e7\u00e3o Educacional e Cultural de Caraguatatuba e a Prefeitura Municipal apresentam a 2\u00aa edi\u00e7\u00e3o do \u2018Momento Cultural: Lei Aldir Blanc Caraguatatuba\u2019, festival de arte e cultura com projetos contemplados pela Lei de incentivo no munic\u00edpio, que ocorre neste s\u00e1bado (12), na Pra\u00e7a Cultura (Avenida da Praia), no Centro. O Festival come\u00e7a a [&hellip;]<\/p>\n","protected":false},"author":26,"featured_media":1953,"comment_status":"open","ping_status":"open","sticky":false,"template":"","format":"standard","meta":{"footnotes":""},"categories":[8,7,2],"tags":[],"class_list":["post-1952","post","type-post","status-publish","format-standard","has-post-thumbnail","hentry","category-caraguatatuba","category-destaque","category-geral"],"aioseo_notices":[],"_links":{"self":[{"href":"https:\/\/lrm67.com\/index.php\/wp-json\/wp\/v2\/posts\/1952","targetHints":{"allow":["GET"]}}],"collection":[{"href":"https:\/\/lrm67.com\/index.php\/wp-json\/wp\/v2\/posts"}],"about":[{"href":"https:\/\/lrm67.com\/index.php\/wp-json\/wp\/v2\/types\/post"}],"author":[{"embeddable":true,"href":"https:\/\/lrm67.com\/index.php\/wp-json\/wp\/v2\/users\/26"}],"replies":[{"embeddable":true,"href":"https:\/\/lrm67.com\/index.php\/wp-json\/wp\/v2\/comments?post=1952"}],"version-history":[{"count":1,"href":"https:\/\/lrm67.com\/index.php\/wp-json\/wp\/v2\/posts\/1952\/revisions"}],"predecessor-version":[{"id":1954,"href":"https:\/\/lrm67.com\/index.php\/wp-json\/wp\/v2\/posts\/1952\/revisions\/1954"}],"wp:featuredmedia":[{"embeddable":true,"href":"https:\/\/lrm67.com\/index.php\/wp-json\/wp\/v2\/media\/1953"}],"wp:attachment":[{"href":"https:\/\/lrm67.com\/index.php\/wp-json\/wp\/v2\/media?parent=1952"}],"wp:term":[{"taxonomy":"category","embeddable":true,"href":"https:\/\/lrm67.com\/index.php\/wp-json\/wp\/v2\/categories?post=1952"},{"taxonomy":"post_tag","embeddable":true,"href":"https:\/\/lrm67.com\/index.php\/wp-json\/wp\/v2\/tags?post=1952"}],"curies":[{"name":"wp","href":"https:\/\/api.w.org\/{rel}","templated":true}]}}