{"id":1949,"date":"2022-03-08T10:59:18","date_gmt":"2022-03-08T13:59:18","guid":{"rendered":"https:\/\/lrm67.com\/?p=1949"},"modified":"2022-03-08T10:59:18","modified_gmt":"2022-03-08T13:59:18","slug":"fundo-social-de-ilhabela-abre-inscricoes-para-diversos-cursos-a-partir-de-terca-feira-8-3","status":"publish","type":"post","link":"https:\/\/lrm67.com\/index.php\/2022\/03\/08\/fundo-social-de-ilhabela-abre-inscricoes-para-diversos-cursos-a-partir-de-terca-feira-8-3\/","title":{"rendered":"Fundo Social de Ilhabela abre inscri\u00e7\u00f5es para diversos cursos a partir de ter\u00e7a-feira (8\/3)"},"content":{"rendered":"<p style=\"font-weight: 400;\">O Fundo Social de Solidariedade de Ilhabela abre nesta ter\u00e7a-feira (8\/3) o per\u00edodo de inscri\u00e7\u00f5es para diversos cursos oferecidos em parceria com o Senai (Servi\u00e7o Nacional de Aprendizagem Industrial).<\/p>\n<p style=\"font-weight: 400;\">\u201cO objetivo dos cursos \u00e9 desenvolver potencialidades, autonomia pessoal e financeira atrav\u00e9s da oferta de Cursos de Capacita\u00e7\u00e3o e Qualifica\u00e7\u00e3o Profissional, oferecidos de forma gratuita a popula\u00e7\u00e3o de Ilhabela\u201d, explicou a presidente do Fundo Social de Solidariedade de Ilhabela, Eloisa Colucci.<\/p>\n<p style=\"font-weight: 400;\">Entre os cursos oferecidos est\u00e3o: el\u00e9trica, editor de v\u00eddeos, videomaker, inform\u00e1tica, cup cakes e doces caseiros, bolos de potes, m\u00eddias digitais, cabelereiro, manicure, est\u00e9tica, depila\u00e7\u00e3o, costura, culin\u00e1ria, inform\u00e1tica, artesanato em geral, el\u00e9trica residencial, cuidador de idosos, assentador de pisos, marcenaria b\u00e1sica e objetos em madeira recicl\u00e1vel.<\/p>\n<p style=\"font-weight: 400;\">Os interessados devem se dirigir at\u00e9 a sede do Fundo Social, que fica localizada na Rua Guaiamu, 56, no Perequ\u00ea. Devem estar munidos dos seguintes documentos: xerox do RG, xerox do CPF e xerox do comprovante de resid\u00eancia.<\/p>\n<p style=\"font-weight: 400;\">As inscri\u00e7\u00f5es, que seguem at\u00e9 18 de mar\u00e7o, podem ser feitas de segunda a quinta, das 10h \u00e0s 19h, e \u00e0s sextas, das 10h \u00e0s 17h.<\/p>\n<p style=\"font-weight: 400;\">\n<p style=\"font-weight: 400;\">\n<p style=\"font-weight: 400;\">Camila Migliorini<\/p>\n<p style=\"font-weight: 400;\">Assessoria de Imprensa Prefeitura de Ilhabela<\/p>\n","protected":false},"excerpt":{"rendered":"<p>O Fundo Social de Solidariedade de Ilhabela abre nesta ter\u00e7a-feira (8\/3) o per\u00edodo de inscri\u00e7\u00f5es para diversos cursos oferecidos em parceria com o Senai (Servi\u00e7o Nacional de Aprendizagem Industrial). \u201cO objetivo dos cursos \u00e9 desenvolver potencialidades, autonomia pessoal e financeira atrav\u00e9s da oferta de Cursos de Capacita\u00e7\u00e3o e Qualifica\u00e7\u00e3o Profissional, oferecidos de forma gratuita a [&hellip;]<\/p>\n","protected":false},"author":26,"featured_media":1950,"comment_status":"open","ping_status":"open","sticky":false,"template":"","format":"standard","meta":{"footnotes":""},"categories":[7,2,3],"tags":[],"class_list":["post-1949","post","type-post","status-publish","format-standard","has-post-thumbnail","hentry","category-destaque","category-geral","category-ilhabela"],"aioseo_notices":[],"_links":{"self":[{"href":"https:\/\/lrm67.com\/index.php\/wp-json\/wp\/v2\/posts\/1949","targetHints":{"allow":["GET"]}}],"collection":[{"href":"https:\/\/lrm67.com\/index.php\/wp-json\/wp\/v2\/posts"}],"about":[{"href":"https:\/\/lrm67.com\/index.php\/wp-json\/wp\/v2\/types\/post"}],"author":[{"embeddable":true,"href":"https:\/\/lrm67.com\/index.php\/wp-json\/wp\/v2\/users\/26"}],"replies":[{"embeddable":true,"href":"https:\/\/lrm67.com\/index.php\/wp-json\/wp\/v2\/comments?post=1949"}],"version-history":[{"count":1,"href":"https:\/\/lrm67.com\/index.php\/wp-json\/wp\/v2\/posts\/1949\/revisions"}],"predecessor-version":[{"id":1951,"href":"https:\/\/lrm67.com\/index.php\/wp-json\/wp\/v2\/posts\/1949\/revisions\/1951"}],"wp:featuredmedia":[{"embeddable":true,"href":"https:\/\/lrm67.com\/index.php\/wp-json\/wp\/v2\/media\/1950"}],"wp:attachment":[{"href":"https:\/\/lrm67.com\/index.php\/wp-json\/wp\/v2\/media?parent=1949"}],"wp:term":[{"taxonomy":"category","embeddable":true,"href":"https:\/\/lrm67.com\/index.php\/wp-json\/wp\/v2\/categories?post=1949"},{"taxonomy":"post_tag","embeddable":true,"href":"https:\/\/lrm67.com\/index.php\/wp-json\/wp\/v2\/tags?post=1949"}],"curies":[{"name":"wp","href":"https:\/\/api.w.org\/{rel}","templated":true}]}}