{"id":19051,"date":"2023-09-27T15:45:54","date_gmt":"2023-09-27T18:45:54","guid":{"rendered":"https:\/\/lrm67.com\/?p=19051"},"modified":"2023-09-27T15:45:54","modified_gmt":"2023-09-27T18:45:54","slug":"ministerio-de-minas-e-energia-descarta-retorno-do-horario-de-verao-brasileiro","status":"publish","type":"post","link":"https:\/\/lrm67.com\/index.php\/2023\/09\/27\/ministerio-de-minas-e-energia-descarta-retorno-do-horario-de-verao-brasileiro\/","title":{"rendered":"Minist\u00e9rio de Minas e Energia descarta retorno do Hor\u00e1rio de Ver\u00e3o brasileiro"},"content":{"rendered":"<p>Marcello Ver\u00edssimo<\/p>\n<p>Um dos dilemas do ver\u00e3o brasileiro, est\u00e1 justamente em um dos h\u00e1bitos mais controversos da esta\u00e7\u00e3o no pa\u00eds tropical, aben\u00e7oado por Deus: o hor\u00e1rio de ver\u00e3o.<\/p>\n<p>A estrat\u00e9gia consiste em adiantar os ponteiros do rel\u00f3gio por uma hora durante os meses de primavera e ver\u00e3o com o objetivo de economizar energia el\u00e9trica nas regi\u00f5es que recebem mais luminosidade solar nesta \u00e9poca do ano. Funciona assim: durante os meses de calor o hor\u00e1rio \u00e9 adiantado em a hora, sendo que o hor\u00e1rio cronol\u00f3gico padr\u00e3o retorna no in\u00edcio do outono ou inverno.<\/p>\n<p>Desde abril de 2019, quando o ent\u00e3o presidente da Rep\u00fablica Jair Bolsonaro (PL) decretou o fim do hor\u00e1rio de ver\u00e3o, o pa\u00eds deixou de aplicar a medida.<\/p>\n<p>Nos \u00faltimos meses, circulam na internet especula\u00e7\u00f5es que apontam o retorno do HV, mas o atual Minist\u00e9rio de Minas e Energia j\u00e1 descartou a possibilidade de retorno do hor\u00e1rio especial que geralmente vigorava entre os meses de outubro e fevereiro.<\/p>\n<p>De acordo com o Minist\u00e9rio de Minas e Energia, com o objetivo de um planejamento seguro sobre a necessidade pr\u00e1tica do hor\u00e1rio de ver\u00e3o, um estudo mostrou que n\u00e3o h\u00e1 motivos para a volta da estrat\u00e9gia.<\/p>\n<p>Apesar disso, 66,2% dos brasileiros consideram positivo o hor\u00e1rio de ver\u00e3o, enquanto 33,8% contra.<\/p>\n<p>A diarista Cristina de Souza, 42, de Caraguatatuba, \u00e9 uma das que s\u00e3o a favor do hor\u00e1rio de ver\u00e3o, que, segundo ela, s\u00f3 ajuda no dia a dia. &#8220;Pode ser uma horinha a mais apenas, mas ter a percep\u00e7\u00e3o de um dia mais longo s\u00f3 melhora nossa vida&#8221;, disse ela.<\/p>\n<p>Outra que gosta do hor\u00e1rio de ver\u00e3o \u00e9 Roberta Santos, 38. &#8220;A gente trabalha, vai para a casa e ainda tem tempo de aproveitar para fazer outras atividades, como cuidar de n\u00f3s mesmos, ter momentos de lazer durante a semana&#8221;.<\/p>\n<p>F\u00e3 de praia e calor, Eduardo Dias, 28, disse que o hor\u00e1rio de ver\u00e3o \u00e9 aquele per\u00edodo que condiz com a esta\u00e7\u00e3o em que tudo \u00e9 mais quente e mais alegre. &#8220;O hor\u00e1rio de ver\u00e3o \u00e9 uma saudade que eu tenho, acredito que muitos brasileiros tamb\u00e9m&#8221;.<\/p>\n","protected":false},"excerpt":{"rendered":"<p>Marcello Ver\u00edssimo Um dos dilemas do ver\u00e3o brasileiro, est\u00e1 justamente em um dos h\u00e1bitos mais controversos da esta\u00e7\u00e3o no pa\u00eds tropical, aben\u00e7oado por Deus: o hor\u00e1rio de ver\u00e3o. A estrat\u00e9gia consiste em adiantar os ponteiros do rel\u00f3gio por uma hora durante os meses de primavera e ver\u00e3o com o objetivo de economizar energia el\u00e9trica nas [&hellip;]<\/p>\n","protected":false},"author":26,"featured_media":19053,"comment_status":"open","ping_status":"open","sticky":false,"template":"","format":"standard","meta":{"footnotes":""},"categories":[44,2],"tags":[],"class_list":["post-19051","post","type-post","status-publish","format-standard","has-post-thumbnail","hentry","category-brasil","category-geral"],"aioseo_notices":[],"_links":{"self":[{"href":"https:\/\/lrm67.com\/index.php\/wp-json\/wp\/v2\/posts\/19051","targetHints":{"allow":["GET"]}}],"collection":[{"href":"https:\/\/lrm67.com\/index.php\/wp-json\/wp\/v2\/posts"}],"about":[{"href":"https:\/\/lrm67.com\/index.php\/wp-json\/wp\/v2\/types\/post"}],"author":[{"embeddable":true,"href":"https:\/\/lrm67.com\/index.php\/wp-json\/wp\/v2\/users\/26"}],"replies":[{"embeddable":true,"href":"https:\/\/lrm67.com\/index.php\/wp-json\/wp\/v2\/comments?post=19051"}],"version-history":[{"count":1,"href":"https:\/\/lrm67.com\/index.php\/wp-json\/wp\/v2\/posts\/19051\/revisions"}],"predecessor-version":[{"id":19054,"href":"https:\/\/lrm67.com\/index.php\/wp-json\/wp\/v2\/posts\/19051\/revisions\/19054"}],"wp:featuredmedia":[{"embeddable":true,"href":"https:\/\/lrm67.com\/index.php\/wp-json\/wp\/v2\/media\/19053"}],"wp:attachment":[{"href":"https:\/\/lrm67.com\/index.php\/wp-json\/wp\/v2\/media?parent=19051"}],"wp:term":[{"taxonomy":"category","embeddable":true,"href":"https:\/\/lrm67.com\/index.php\/wp-json\/wp\/v2\/categories?post=19051"},{"taxonomy":"post_tag","embeddable":true,"href":"https:\/\/lrm67.com\/index.php\/wp-json\/wp\/v2\/tags?post=19051"}],"curies":[{"name":"wp","href":"https:\/\/api.w.org\/{rel}","templated":true}]}}