{"id":19,"date":"2022-01-04T17:06:14","date_gmt":"2022-01-04T20:06:14","guid":{"rendered":"http:\/\/lrm67.com\/?p=19"},"modified":"2022-01-04T17:06:14","modified_gmt":"2022-01-04T20:06:14","slug":"defesa-civil-alerta-para-grandes-acumulados-de-chuva-entre-quarta-feira-5-1-e-sabado-8-1","status":"publish","type":"post","link":"https:\/\/lrm67.com\/index.php\/2022\/01\/04\/defesa-civil-alerta-para-grandes-acumulados-de-chuva-entre-quarta-feira-5-1-e-sabado-8-1\/","title":{"rendered":"Defesa Civil alerta para grandes acumulados de chuva entre quarta-feira (5\/1) e s\u00e1bado (8\/1)"},"content":{"rendered":"<p>A Defesa Civil do Estado emitiu um alerta que prev\u00ea entre quarta-feira (5\/1) e s\u00e1bado (8\/1) novas instabilidades que provocar\u00e3o condi\u00e7\u00f5es para chuvas, com momento de tempestade, seguidas por raios, ventos e granizo, no Vale do Para\u00edba, Serra da Mantiqueira e Litoral Norte.<\/p>\n<p>H\u00e1 previs\u00e3o de elevados acumulados no Vale do Para\u00edba, (120 mm) Serra da Mantiqueira (150 mm) e Litoral Norte (175 mm). O alerta ressalta que um grande volume de \u00e1gua pode cair em um espa\u00e7o curto de tempo, com risco de transtornos como deslizamentos, desabamentos, alagamentos, enchentes e ocorr\u00eancias relacionadas a raios e ventos, principalmente nas regi\u00f5es mais vulner\u00e1veis como as \u00e1reas de risco.<\/p>\n<p>As equipes da Defesa Civil de Ilhabela continuam monitorando as \u00e1reas de risco da cidade, principalmente em fun\u00e7\u00e3o das chuvas que atingiram a cidade na \u00faltima semana.<\/p>\n<p>Ao sinal de chuva forte, abrigue-se em local seguro. Al\u00e9m disso, em caso de rachaduras em resid\u00eancias, deixe o local. Para emerg\u00eancias, acione a Defesa Civil pelo 199 ou o Corpo de Bombeiros pelo 193.<\/p>\n","protected":false},"excerpt":{"rendered":"<p>A Defesa Civil do Estado emitiu um alerta que prev\u00ea entre quarta-feira (5\/1) e s\u00e1bado (8\/1) novas instabilidades que provocar\u00e3o condi\u00e7\u00f5es para chuvas, com momento de tempestade, seguidas por raios, ventos e granizo, no Vale do Para\u00edba, Serra da Mantiqueira e Litoral Norte. H\u00e1 previs\u00e3o de elevados acumulados no Vale do Para\u00edba, (120 mm) Serra [&hellip;]<\/p>\n","protected":false},"author":26,"featured_media":0,"comment_status":"open","ping_status":"open","sticky":false,"template":"","format":"standard","meta":{"footnotes":""},"categories":[7,3,6],"tags":[],"class_list":["post-19","post","type-post","status-publish","format-standard","hentry","category-destaque","category-ilhabela","category-tempo"],"aioseo_notices":[],"_links":{"self":[{"href":"https:\/\/lrm67.com\/index.php\/wp-json\/wp\/v2\/posts\/19","targetHints":{"allow":["GET"]}}],"collection":[{"href":"https:\/\/lrm67.com\/index.php\/wp-json\/wp\/v2\/posts"}],"about":[{"href":"https:\/\/lrm67.com\/index.php\/wp-json\/wp\/v2\/types\/post"}],"author":[{"embeddable":true,"href":"https:\/\/lrm67.com\/index.php\/wp-json\/wp\/v2\/users\/26"}],"replies":[{"embeddable":true,"href":"https:\/\/lrm67.com\/index.php\/wp-json\/wp\/v2\/comments?post=19"}],"version-history":[{"count":1,"href":"https:\/\/lrm67.com\/index.php\/wp-json\/wp\/v2\/posts\/19\/revisions"}],"predecessor-version":[{"id":21,"href":"https:\/\/lrm67.com\/index.php\/wp-json\/wp\/v2\/posts\/19\/revisions\/21"}],"wp:attachment":[{"href":"https:\/\/lrm67.com\/index.php\/wp-json\/wp\/v2\/media?parent=19"}],"wp:term":[{"taxonomy":"category","embeddable":true,"href":"https:\/\/lrm67.com\/index.php\/wp-json\/wp\/v2\/categories?post=19"},{"taxonomy":"post_tag","embeddable":true,"href":"https:\/\/lrm67.com\/index.php\/wp-json\/wp\/v2\/tags?post=19"}],"curies":[{"name":"wp","href":"https:\/\/api.w.org\/{rel}","templated":true}]}}