{"id":16928,"date":"2023-07-14T07:47:16","date_gmt":"2023-07-14T10:47:16","guid":{"rendered":"https:\/\/lrm67.com\/?p=16928"},"modified":"2023-07-24T09:00:08","modified_gmt":"2023-07-24T12:00:08","slug":"semana-de-vela-incrementa-ainda-mais-o-turismo-em-ilhabela-com-diversas-opcoes-de-passeios","status":"publish","type":"post","link":"https:\/\/lrm67.com\/index.php\/2023\/07\/14\/semana-de-vela-incrementa-ainda-mais-o-turismo-em-ilhabela-com-diversas-opcoes-de-passeios\/","title":{"rendered":"Semana de Vela incrementa ainda mais o turismo em Ilhabela com diversas op\u00e7\u00f5es de passeios"},"content":{"rendered":"<p>MMarcello Ver\u00edssimo<\/p>\n<p>Com o in\u00edcio da Semana Internacional de Vela de Ilhabela, a cidade vira cen\u00e1rio e palco de uma s\u00e9rie de atra\u00e7\u00f5es. Dentro da programa\u00e7\u00e3o est\u00e3o inclu\u00eddas uma s\u00e9rie de passeios guiados e gratuitos que v\u00e3o acontecer entre os dias 14 e 30 deste m\u00eas.<\/p>\n<p><img fetchpriority=\"high\" decoding=\"async\" class=\"alignnone wp-image-16938 size-full\" src=\"https:\/\/lrm67.com\/wp-content\/uploads\/2023\/07\/Jornal-do-Litoral-728x90-px.png\" alt=\"\" width=\"1517\" height=\"188\" srcset=\"https:\/\/lrm67.com\/wp-content\/uploads\/2023\/07\/Jornal-do-Litoral-728x90-px.png 1517w, https:\/\/lrm67.com\/wp-content\/uploads\/2023\/07\/Jornal-do-Litoral-728x90-px-300x37.png 300w, https:\/\/lrm67.com\/wp-content\/uploads\/2023\/07\/Jornal-do-Litoral-728x90-px-1024x127.png 1024w, https:\/\/lrm67.com\/wp-content\/uploads\/2023\/07\/Jornal-do-Litoral-728x90-px-768x95.png 768w\" sizes=\"(max-width: 1517px) 100vw, 1517px\" \/><\/p>\n<p>De acordo com a assessoria de imprensa da prefeitura, s\u00e3o oito diferentes op\u00e7\u00f5es de roteiros envolvendo observa\u00e7\u00e3o de aves e trilhas para cachoeiras, jeep tours, contempla\u00e7\u00e3o do p\u00f4r-do-sol e escuna de norte a sul do arquip\u00e9lago. S\u00e3o eles: Passarinhada na Cachoeira dos Tr\u00eas Tombos; Passarinhada na Estrada Parque de Castelhanos; Corujada na Estrada Parque de Castelhanos; Trilha da Cachoeira do Veloso; Trilha da \u00c1gua Branca; Jipe Tour Norte (at\u00e9 o Jabaquara); Jipe Tour Sul (at\u00e9 a Praia do Veloso); e P\u00f4r-do-Sol no Mirante do Baepi.<\/p>\n<p>Os passeios partem da Vila (centro hist\u00f3rico), com o traslado realizado em jipes. Em todos os roteiros os participantes ser\u00e3o acompanhados por guias de turismo ou monitores ambientais.<\/p>\n<p>Para participar dos passeios nos dias 14, 15 e 16 de julho, a inscri\u00e7\u00e3o \u00e9 feita online. Para os demais dias, os interessados devem se inscrever presencialmente no Race Village, no estande da Secretaria de Desenvolvimento Econ\u00f4mico e do Turismo. Para participar \u00e9 necess\u00e1rio a doa\u00e7\u00e3o de um alimento n\u00e3o perec\u00edvel.<\/p>\n<p>A Prefeitura de Ilhabela tamb\u00e9m disponibiliza passeios de escuna, para que moradores e turistas possam acompanhar de perto as regatas. Ser\u00e3o nove sa\u00eddas, iniciando nesta sexta-feira (14), para aproximar ainda mais o p\u00fablico das competi\u00e7\u00f5es no mar.<\/p>\n<p>O secret\u00e1rio de Desenvolvimento Econ\u00f4mico e do Turismo, Harry Finger, disse que os tours gratuitos s\u00e3o um aperitivo, uma pequena mostra do que Ilhabela tem a oferecer. &#8220;\u00c9 uma \u00f3tima oportunidade para o morador conhecer mais sobre a cidade e um incentivo para o turista fazer outros passeios e retornar mais vezes a Ilhabela. No ano passado, cerca de 800 pessoas experimentaram os tours, entre moradores, visitantes de sete estados e estrangeiros de seis pa\u00edses\u201d.<\/p>\n<p>Para mais informa\u00e7\u00f5es procure o Posto de Informa\u00e7\u00f5es Tur\u00edsticas localizado na Vila, em frente ao p\u00eder (Endere\u00e7o: Pra\u00e7a das Bandeiras, Vila, Ilhabela \u2013 SP). Interessados nos passeios de 14 a 16 de julho devem se inscrever neste link:<\/p>\n<p>https:\/\/www.sympla.com.br\/evento\/passeios-50-semana-internacional-de-vela-ilhabela\/2053652<\/p>\n","protected":false},"excerpt":{"rendered":"<p>MMarcello Ver\u00edssimo Com o in\u00edcio da Semana Internacional de Vela de Ilhabela, a cidade vira cen\u00e1rio e palco de uma s\u00e9rie de atra\u00e7\u00f5es. Dentro da programa\u00e7\u00e3o est\u00e3o inclu\u00eddas uma s\u00e9rie de passeios guiados e gratuitos que v\u00e3o acontecer entre os dias 14 e 30 deste m\u00eas. De acordo com a assessoria de imprensa da prefeitura, [&hellip;]<\/p>\n","protected":false},"author":28,"featured_media":16929,"comment_status":"open","ping_status":"open","sticky":false,"template":"","format":"standard","meta":{"footnotes":""},"categories":[7,11,3,5],"tags":[],"class_list":["post-16928","post","type-post","status-publish","format-standard","has-post-thumbnail","hentry","category-destaque","category-esportes","category-ilhabela","category-turismo"],"aioseo_notices":[],"_links":{"self":[{"href":"https:\/\/lrm67.com\/index.php\/wp-json\/wp\/v2\/posts\/16928","targetHints":{"allow":["GET"]}}],"collection":[{"href":"https:\/\/lrm67.com\/index.php\/wp-json\/wp\/v2\/posts"}],"about":[{"href":"https:\/\/lrm67.com\/index.php\/wp-json\/wp\/v2\/types\/post"}],"author":[{"embeddable":true,"href":"https:\/\/lrm67.com\/index.php\/wp-json\/wp\/v2\/users\/28"}],"replies":[{"embeddable":true,"href":"https:\/\/lrm67.com\/index.php\/wp-json\/wp\/v2\/comments?post=16928"}],"version-history":[{"count":2,"href":"https:\/\/lrm67.com\/index.php\/wp-json\/wp\/v2\/posts\/16928\/revisions"}],"predecessor-version":[{"id":17217,"href":"https:\/\/lrm67.com\/index.php\/wp-json\/wp\/v2\/posts\/16928\/revisions\/17217"}],"wp:featuredmedia":[{"embeddable":true,"href":"https:\/\/lrm67.com\/index.php\/wp-json\/wp\/v2\/media\/16929"}],"wp:attachment":[{"href":"https:\/\/lrm67.com\/index.php\/wp-json\/wp\/v2\/media?parent=16928"}],"wp:term":[{"taxonomy":"category","embeddable":true,"href":"https:\/\/lrm67.com\/index.php\/wp-json\/wp\/v2\/categories?post=16928"},{"taxonomy":"post_tag","embeddable":true,"href":"https:\/\/lrm67.com\/index.php\/wp-json\/wp\/v2\/tags?post=16928"}],"curies":[{"name":"wp","href":"https:\/\/api.w.org\/{rel}","templated":true}]}}