{"id":16925,"date":"2023-07-13T07:45:39","date_gmt":"2023-07-13T10:45:39","guid":{"rendered":"https:\/\/lrm67.com\/?p=16925"},"modified":"2023-07-24T09:00:00","modified_gmt":"2023-07-24T12:00:00","slug":"semana-internacional-de-vela-abre-programacao-nesta-sexta-feira-em-ilhabela","status":"publish","type":"post","link":"https:\/\/lrm67.com\/index.php\/2023\/07\/13\/semana-internacional-de-vela-abre-programacao-nesta-sexta-feira-em-ilhabela\/","title":{"rendered":"Semana Internacional de Vela abre programa\u00e7\u00e3o nesta sexta-feira em Ilhabela"},"content":{"rendered":"<p>Marcello Ver\u00edssimo<\/p>\n<p>Chegou o momento deles! A 50\u00aa Semana Internacional de Vela e Monotipos come\u00e7a oficialmente nesta sexta-feira (14) em que todos os olhares e holofotes se voltam para dentro d\u2019 \u00e1gua, mas n\u00e3o \u00e9 s\u00f3 isso. A Prefeitura de Ilhabela divulgou a programa\u00e7\u00e3o especial do Race Village, um espa\u00e7o de conviv\u00eancia e atra\u00e7\u00f5es do evento, na Vila, regi\u00e3o do Centro Hist\u00f3rico do munic\u00edpio.<\/p>\n<p><img fetchpriority=\"high\" decoding=\"async\" class=\"alignnone wp-image-16938 size-full\" src=\"https:\/\/lrm67.com\/wp-content\/uploads\/2023\/07\/Jornal-do-Litoral-728x90-px.png\" alt=\"\" width=\"1517\" height=\"188\" srcset=\"https:\/\/lrm67.com\/wp-content\/uploads\/2023\/07\/Jornal-do-Litoral-728x90-px.png 1517w, https:\/\/lrm67.com\/wp-content\/uploads\/2023\/07\/Jornal-do-Litoral-728x90-px-300x37.png 300w, https:\/\/lrm67.com\/wp-content\/uploads\/2023\/07\/Jornal-do-Litoral-728x90-px-1024x127.png 1024w, https:\/\/lrm67.com\/wp-content\/uploads\/2023\/07\/Jornal-do-Litoral-728x90-px-768x95.png 768w\" sizes=\"(max-width: 1517px) 100vw, 1517px\" \/><\/p>\n<p>S\u00e3o shows musicais, palestras, exposi\u00e7\u00f5es, mostras de dan\u00e7a e atra\u00e7\u00f5es de aventura, entre diversas atra\u00e7\u00f5es.<\/p>\n<p>A Semana de Vela \u00e9 um momento importante para os atletas e para a modalidade, que fez hist\u00f3ria e ajudou a consagrar Ilhabela como a Capital da Vela no pa\u00eds e no mundo. Competidores de diversas classes da vela est\u00e3o envolvidos na disputa, mostrando suas habilidades e competindo nas regatas.<\/p>\n<p>De acordo com a prefeitura, a SIVI tamb\u00e9m \u00e9 um evento de grande import\u00e2ncia para a cidade. Al\u00e9m de ser um atrativo para turistas e moradores, o evento movimenta a economia local gerando emprego e renda.<\/p>\n<p>O prefeito Toninho Colucci (PL) disse que a programa\u00e7\u00e3o est\u00e1 bastante diversificada para atrair p\u00fablico de diferentes idades e interesses.<br \/>\n\u201cProporcionando a oportunidade de participa\u00e7\u00e3o de todos nessa grande celebra\u00e7\u00e3o n\u00e1utica. \u00c9 um momento de uni\u00e3o, de aproveitar cada instante e curtir todos os bons ventos que sopram em nossa ilha\u201d.<\/p>\n<p>Confira a programa\u00e7\u00e3o do primeiro fim de semana da 50\u00aa Semana Internacional de Vela e Monotipos:<\/p>\n<p>14\/7 (6\u00aa feira)<\/p>\n<p>11h \u2013 Abertura Oficial da Semana de Monotipos na Escola de Vela Lars Grael<\/p>\n<p>13h \u2013 Regatas da Semana de Monotipos na Escola de Vela Lars Grael<\/p>\n<p>14h \u00e0s 22h \u2013 Race Village no Race Village<\/p>\n<p>16h \u2013 Sunset com DJ Garimpo no Race Village<\/p>\n<p>20h \u2013 Mostra de Dan\u00e7a Fundaci no Centro Cultural Waldemar Belis\u00e1rio<\/p>\n<p>15\/7 (S\u00e1bado)<\/p>\n<p>12h \u2013 Regatas Semana de Monotipos na Escola de Vela Lars Grael<\/p>\n<p>14h \u00e0s 22h \u2013 Race Village no Race Village<\/p>\n<p>16h \u2013 Sunset com DJ Mariano no Race Village<\/p>\n<p>19h \u2013 Palestra Pl\u00e1cido Cali no Race Village<\/p>\n<p>20h \u2013 Mostra de Dan\u00e7a Fundaci no Centro Cultural Waldemar Belis\u00e1rio<\/p>\n<p>16\/7 (Domingo)<\/p>\n<p>12h \u2013 Regatas Semana de Monotipos na Escola de Vela Lars Grael<\/p>\n<p>14h \u00e0s 22h \u2013 Race Village no Race Village<\/p>\n<p>16h \u2013 Sunset com DJ Negrito no Race Village<\/p>\n<p>19h \u2013 Cobertura SIVI \u2013 com Kadu Biaggio \u2013 Cobertura do Campeonato de Monotipos no Race Village<\/p>\n<p>19h30 \u2013 Palestra Mergulho em Ilhabela no Race Village<\/p>\n<p>9h \u00e0s 22h \u2013 Ilha Dance Festival no Centro Cultural Waldemar Belis\u00e1rio<\/p>\n<p>Programa\u00e7\u00e3o completa dispon\u00edvel em: https:\/\/bit.ly\/3NOVrX5<\/p>\n","protected":false},"excerpt":{"rendered":"<p>Marcello Ver\u00edssimo Chegou o momento deles! A 50\u00aa Semana Internacional de Vela e Monotipos come\u00e7a oficialmente nesta sexta-feira (14) em que todos os olhares e holofotes se voltam para dentro d\u2019 \u00e1gua, mas n\u00e3o \u00e9 s\u00f3 isso. A Prefeitura de Ilhabela divulgou a programa\u00e7\u00e3o especial do Race Village, um espa\u00e7o de conviv\u00eancia e atra\u00e7\u00f5es do [&hellip;]<\/p>\n","protected":false},"author":28,"featured_media":16926,"comment_status":"open","ping_status":"open","sticky":false,"template":"","format":"standard","meta":{"footnotes":""},"categories":[7,12,3],"tags":[],"class_list":["post-16925","post","type-post","status-publish","format-standard","has-post-thumbnail","hentry","category-destaque","category-eventos","category-ilhabela"],"aioseo_notices":[],"_links":{"self":[{"href":"https:\/\/lrm67.com\/index.php\/wp-json\/wp\/v2\/posts\/16925","targetHints":{"allow":["GET"]}}],"collection":[{"href":"https:\/\/lrm67.com\/index.php\/wp-json\/wp\/v2\/posts"}],"about":[{"href":"https:\/\/lrm67.com\/index.php\/wp-json\/wp\/v2\/types\/post"}],"author":[{"embeddable":true,"href":"https:\/\/lrm67.com\/index.php\/wp-json\/wp\/v2\/users\/28"}],"replies":[{"embeddable":true,"href":"https:\/\/lrm67.com\/index.php\/wp-json\/wp\/v2\/comments?post=16925"}],"version-history":[{"count":4,"href":"https:\/\/lrm67.com\/index.php\/wp-json\/wp\/v2\/posts\/16925\/revisions"}],"predecessor-version":[{"id":17216,"href":"https:\/\/lrm67.com\/index.php\/wp-json\/wp\/v2\/posts\/16925\/revisions\/17216"}],"wp:featuredmedia":[{"embeddable":true,"href":"https:\/\/lrm67.com\/index.php\/wp-json\/wp\/v2\/media\/16926"}],"wp:attachment":[{"href":"https:\/\/lrm67.com\/index.php\/wp-json\/wp\/v2\/media?parent=16925"}],"wp:term":[{"taxonomy":"category","embeddable":true,"href":"https:\/\/lrm67.com\/index.php\/wp-json\/wp\/v2\/categories?post=16925"},{"taxonomy":"post_tag","embeddable":true,"href":"https:\/\/lrm67.com\/index.php\/wp-json\/wp\/v2\/tags?post=16925"}],"curies":[{"name":"wp","href":"https:\/\/api.w.org\/{rel}","templated":true}]}}