{"id":16922,"date":"2023-07-12T18:35:27","date_gmt":"2023-07-12T21:35:27","guid":{"rendered":"https:\/\/lrm67.com\/?p=16922"},"modified":"2023-07-12T18:35:27","modified_gmt":"2023-07-12T21:35:27","slug":"festival-de-camarao-de-sao-sebastiao-2023-aquece-a-economia-local-e-proporciona-retorno-positivo-aos-comerciantes","status":"publish","type":"post","link":"https:\/\/lrm67.com\/index.php\/2023\/07\/12\/festival-de-camarao-de-sao-sebastiao-2023-aquece-a-economia-local-e-proporciona-retorno-positivo-aos-comerciantes\/","title":{"rendered":"Festival de Camar\u00e3o de S\u00e3o Sebasti\u00e3o 2023 aquece a economia local e proporciona retorno positivo aos comerciantes"},"content":{"rendered":"<p>O Festival de Camar\u00e3o de S\u00e3o Sebasti\u00e3o 2023 foi um grande sucesso, consagrando essa 7\u00aa edi\u00e7\u00e3o como a maior j\u00e1 realizada. O evento ocorreu de 6 a 9 de julho, no bairro S\u00e3o Francisco \u2013 considerada a maior comunidade pesqueira do munic\u00edpio. Segundo a Secretaria de Turismo (SETUR), o festival registrou cerca de 28 mil visitantes, entre moradores e turistas, durante os quatro dias de festa.<\/p>\n<p>Al\u00e9m disso, o Festival teve um recorde de comerciantes participantes, sendo 35 estandes e food trucks\u00a0comercializando deliciosos pratos tradicionais cai\u00e7aras, em especial da culin\u00e1ria \u00e0 base do camar\u00e3o, que arrecadaram aproximadamente R$ 350 mil reais, sendo um sucesso de vendas, de fomento \u00e0 economia da cidade e valoriza\u00e7\u00e3o aos pescadores locais.<\/p>\n<p>A atividade contou tamb\u00e9m com diversas apresenta\u00e7\u00f5es musicais e interven\u00e7\u00f5es culturais de artistas sebastianenses para animar quem prestigiou o evento.<\/p>\n<p>O Festival de Camar\u00e3o de S\u00e3o Sebasti\u00e3o \u00e9 realizado pela Prefeitura de S\u00e3o Sebasti\u00e3o, por meio das secretarias de Turismo e do Meio Ambiente (SEMAM), e da Funda\u00e7\u00e3o Educacional e Cultural \u201cDeodato Sant\u2019Anna\u201d (Fundass).<\/p>\n<p>&nbsp;<\/p>\n<p><strong>Social<\/strong><\/p>\n<p>O Fundo Social de S\u00e3o Sebasti\u00e3o angariou R$ 3.165,00, na barraca da pescaria solid\u00e1ria. A renda ser\u00e1 revertida na compra de alimentos n\u00e3o perec\u00edveis para forma\u00e7\u00e3o de kits que ser\u00e3o destinados \u00e0s fam\u00edlias e pessoas emergencialmente vulner\u00e1veis da cidade.<\/p>\n","protected":false},"excerpt":{"rendered":"<p>O Festival de Camar\u00e3o de S\u00e3o Sebasti\u00e3o 2023 foi um grande sucesso, consagrando essa 7\u00aa edi\u00e7\u00e3o como a maior j\u00e1 realizada. O evento ocorreu de 6 a 9 de julho, no bairro S\u00e3o Francisco \u2013 considerada a maior comunidade pesqueira do munic\u00edpio. Segundo a Secretaria de Turismo (SETUR), o festival registrou cerca de 28 mil [&hellip;]<\/p>\n","protected":false},"author":28,"featured_media":16923,"comment_status":"open","ping_status":"open","sticky":false,"template":"","format":"standard","meta":{"footnotes":""},"categories":[7,12,13],"tags":[],"class_list":["post-16922","post","type-post","status-publish","format-standard","has-post-thumbnail","hentry","category-destaque","category-eventos","category-sao-sebastiao"],"aioseo_notices":[],"_links":{"self":[{"href":"https:\/\/lrm67.com\/index.php\/wp-json\/wp\/v2\/posts\/16922","targetHints":{"allow":["GET"]}}],"collection":[{"href":"https:\/\/lrm67.com\/index.php\/wp-json\/wp\/v2\/posts"}],"about":[{"href":"https:\/\/lrm67.com\/index.php\/wp-json\/wp\/v2\/types\/post"}],"author":[{"embeddable":true,"href":"https:\/\/lrm67.com\/index.php\/wp-json\/wp\/v2\/users\/28"}],"replies":[{"embeddable":true,"href":"https:\/\/lrm67.com\/index.php\/wp-json\/wp\/v2\/comments?post=16922"}],"version-history":[{"count":1,"href":"https:\/\/lrm67.com\/index.php\/wp-json\/wp\/v2\/posts\/16922\/revisions"}],"predecessor-version":[{"id":16924,"href":"https:\/\/lrm67.com\/index.php\/wp-json\/wp\/v2\/posts\/16922\/revisions\/16924"}],"wp:featuredmedia":[{"embeddable":true,"href":"https:\/\/lrm67.com\/index.php\/wp-json\/wp\/v2\/media\/16923"}],"wp:attachment":[{"href":"https:\/\/lrm67.com\/index.php\/wp-json\/wp\/v2\/media?parent=16922"}],"wp:term":[{"taxonomy":"category","embeddable":true,"href":"https:\/\/lrm67.com\/index.php\/wp-json\/wp\/v2\/categories?post=16922"},{"taxonomy":"post_tag","embeddable":true,"href":"https:\/\/lrm67.com\/index.php\/wp-json\/wp\/v2\/tags?post=16922"}],"curies":[{"name":"wp","href":"https:\/\/api.w.org\/{rel}","templated":true}]}}