{"id":16910,"date":"2023-07-12T18:30:34","date_gmt":"2023-07-12T21:30:34","guid":{"rendered":"https:\/\/lrm67.com\/?p=16910"},"modified":"2023-07-12T18:30:34","modified_gmt":"2023-07-12T21:30:34","slug":"prefeitura-abre-inscricoes-para-projeto-de-auxilio-ao-emagrecimento-voltado-aos-usuarios-das-usfs-da-regiao-central","status":"publish","type":"post","link":"https:\/\/lrm67.com\/index.php\/2023\/07\/12\/prefeitura-abre-inscricoes-para-projeto-de-auxilio-ao-emagrecimento-voltado-aos-usuarios-das-usfs-da-regiao-central\/","title":{"rendered":"Prefeitura abre inscri\u00e7\u00f5es para projeto de aux\u00edlio ao emagrecimento voltado aos usu\u00e1rios das USFs da regi\u00e3o central"},"content":{"rendered":"<p>Na pr\u00f3xima segunda-feira (17), a Prefeitura de S\u00e3o Sebasti\u00e3o, por meio das Secretarias de Sa\u00fade (SESAU) e de Esportes (SEESP), abre inscri\u00e7\u00f5es para o projeto Vida Leve, que tem como objetivo auxiliar no emagrecimento de pessoas obesas por meio da mudan\u00e7a de h\u00e1bitos, em especial, reeduca\u00e7\u00e3o alimentar e exerc\u00edcios, proporcionando sa\u00fade f\u00edsica e mental aos participantes.<\/p>\n<p>\u200cPretende, tamb\u00e9m, combater doen\u00e7as associadas \u00e0 obesidade, como hipertens\u00e3o, diabetes, dislipidemia, fibromialgia e doen\u00e7as osteomusculares, al\u00e9m de trabalhar a mobilidade e a autonomia dos pacientes.<\/p>\n<p>\u200cO projeto teve in\u00edcio em fevereiro de 2022 e atendia exclusivamente moradores da \u00e1rea de abrang\u00eancia e cadastrados na Unidade de Sa\u00fade da Fam\u00edlia (USF) do Pontal da Cruz. Agora ser\u00e1 ampliado, tamb\u00e9m, aos usu\u00e1rios das USFs da regi\u00e3o central: Varadouro, Olaria, Itatinga I, Itatinga II, Centro, Pontal da Cruz, S\u00e3o Francisco e Morro do Abrigo.<\/p>\n<p>\u200cS\u00e3o ofertadas 30 vagas. Para se inscrever, os interessados devem comparecer \u00e0 recep\u00e7\u00e3o dessas unidades at\u00e9 o dia 4 de agosto. \u00c9 necess\u00e1rio ter entre 18 e 60 anos e apresentar \u00cdndice de Massa Corporal (IMC) igual ou superior a 30, o que caracteriza a obesidade.<\/p>\n<p>O candidato ao projeto ser\u00e1 avaliado e encaminhado pela equipe de sa\u00fade de sua unidade. A iniciativa de aux\u00edlio ao emagrecimento ter\u00e1 in\u00edcio em 11 de agosto e acontecer\u00e1 sempre \u00e0s sextas-feiras, das 7h30 \u00e0s 10h, no Centro de Apoio Educacional (CAE) do Pontal da Cruz.<\/p>\n<p>\u200cSer\u00e1 conduzido por uma equipe multidisciplinar envolvendo profissionais da SESAU e SEESP, entre eles m\u00e9dico, educador f\u00edsico, enfermeiro, psic\u00f3logo, nutricionista, auxiliar de enfermagem e agente comunit\u00e1rio de sa\u00fade. O projeto conta, tamb\u00e9m, com o apoio volunt\u00e1rio da fisioterapeuta e acupunturista, Virginia de Freitas Vieira.<\/p>\n<p>\u200cA m\u00e9dica da USF do Pontal da Cruz, Dra. Mariana Arreaza Giovanetti, conta que o grupo que iniciou o projeto no primeiro semestre deste ano continuar\u00e1 sendo acompanhado pela equipe multidisciplinar uma vez por m\u00eas, para manuten\u00e7\u00e3o e fortalecimento do novo estilo de vida que adotaram.<\/p>\n<p>\u200c\u201cDos 30 participantes que come\u00e7aram o projeto, 15 chegaram ao final da primeira fase, em que o acompanhamento pelos profissionais e as atividades s\u00e3o semanais. Por se tratar de mudan\u00e7a no estilo de vida, muitos acabam desistindo\u201d, conta a m\u00e9dica. \u201cOs participantes que continuam j\u00e1 apresentam mudan\u00e7as significativas, est\u00e3o em um processo de perda de peso e melhorando a qualidade de vida.\u201d<\/p>\n<p>\u200cMais informa\u00e7\u00f5es sobre o Projeto Vida Leve podem ser obtidas na recep\u00e7\u00e3o das USFs contempladas.<\/p>\n","protected":false},"excerpt":{"rendered":"<p>Na pr\u00f3xima segunda-feira (17), a Prefeitura de S\u00e3o Sebasti\u00e3o, por meio das Secretarias de Sa\u00fade (SESAU) e de Esportes (SEESP), abre inscri\u00e7\u00f5es para o projeto Vida Leve, que tem como objetivo auxiliar no emagrecimento de pessoas obesas por meio da mudan\u00e7a de h\u00e1bitos, em especial, reeduca\u00e7\u00e3o alimentar e exerc\u00edcios, proporcionando sa\u00fade f\u00edsica e mental aos [&hellip;]<\/p>\n","protected":false},"author":28,"featured_media":16911,"comment_status":"open","ping_status":"open","sticky":false,"template":"","format":"standard","meta":{"footnotes":""},"categories":[2,13,10],"tags":[],"class_list":["post-16910","post","type-post","status-publish","format-standard","has-post-thumbnail","hentry","category-geral","category-sao-sebastiao","category-saude"],"aioseo_notices":[],"_links":{"self":[{"href":"https:\/\/lrm67.com\/index.php\/wp-json\/wp\/v2\/posts\/16910","targetHints":{"allow":["GET"]}}],"collection":[{"href":"https:\/\/lrm67.com\/index.php\/wp-json\/wp\/v2\/posts"}],"about":[{"href":"https:\/\/lrm67.com\/index.php\/wp-json\/wp\/v2\/types\/post"}],"author":[{"embeddable":true,"href":"https:\/\/lrm67.com\/index.php\/wp-json\/wp\/v2\/users\/28"}],"replies":[{"embeddable":true,"href":"https:\/\/lrm67.com\/index.php\/wp-json\/wp\/v2\/comments?post=16910"}],"version-history":[{"count":1,"href":"https:\/\/lrm67.com\/index.php\/wp-json\/wp\/v2\/posts\/16910\/revisions"}],"predecessor-version":[{"id":16912,"href":"https:\/\/lrm67.com\/index.php\/wp-json\/wp\/v2\/posts\/16910\/revisions\/16912"}],"wp:featuredmedia":[{"embeddable":true,"href":"https:\/\/lrm67.com\/index.php\/wp-json\/wp\/v2\/media\/16911"}],"wp:attachment":[{"href":"https:\/\/lrm67.com\/index.php\/wp-json\/wp\/v2\/media?parent=16910"}],"wp:term":[{"taxonomy":"category","embeddable":true,"href":"https:\/\/lrm67.com\/index.php\/wp-json\/wp\/v2\/categories?post=16910"},{"taxonomy":"post_tag","embeddable":true,"href":"https:\/\/lrm67.com\/index.php\/wp-json\/wp\/v2\/tags?post=16910"}],"curies":[{"name":"wp","href":"https:\/\/api.w.org\/{rel}","templated":true}]}}