{"id":16907,"date":"2023-07-12T18:28:30","date_gmt":"2023-07-12T21:28:30","guid":{"rendered":"https:\/\/lrm67.com\/?p=16907"},"modified":"2023-07-12T18:28:30","modified_gmt":"2023-07-12T21:28:30","slug":"fundo-social-de-ilhabela-promove-cursos-profissionalizantes","status":"publish","type":"post","link":"https:\/\/lrm67.com\/index.php\/2023\/07\/12\/fundo-social-de-ilhabela-promove-cursos-profissionalizantes\/","title":{"rendered":"Fundo Social de Ilhabela promove cursos profissionalizantes"},"content":{"rendered":"<p>A Prefeitura de Ilhabela, por meio do Fundo Social de Solidariedade est\u00e1 com as inscri\u00e7\u00f5es abertas para os cursos de qualifica\u00e7\u00e3o profissional oferecidos pela unidade. O prazo de inscri\u00e7\u00f5es \u00e9 at\u00e9 21 de julho.<\/p>\n<p>Os interessados devem comparecer na Sede do Fundo Social, localizada na Rua Guaiamu, 56 \u2013 Perequ\u00ea, das 9h \u00e0s 17h, munidos com a c\u00f3pia do RG e do comprovante de resid\u00eancia, al\u00e9m de ser maior de 16 anos e residir no munic\u00edpio de Ilhabela.<\/p>\n<p>Os bolsistas do Programa SOS Trabalho, Qualifica\u00e7\u00e3o Profissional e Alfabetiza\u00e7\u00e3o t\u00eam prioridade nas inscri\u00e7\u00f5es. A participa\u00e7\u00e3o dos bolsistas em cursos profissionalizantes ou de alfabetiza\u00e7\u00e3o \u00e9 obrigat\u00f3ria.<\/p>\n<p>Confira os cursos dispon\u00edveis:<\/p>\n<p><strong>\u2013 Auxiliar de eletricista de refrigera\u00e7\u00e3o e climatiza\u00e7\u00e3o<\/strong><\/p>\n<p>De 10\/8 a 30\/8 \u2013 De segunda a quinta-feira, das 18h \u00e0s 22h<\/p>\n<p>De 8\/8 a 28\/8 \u2013 De ter\u00e7a a sexta-feira, das 13h \u00e0s 17h<\/p>\n<p><strong>\u2013 Soldagem TIG alum\u00ednio<\/strong><\/p>\n<p>De 24\/8 a 12\/9 \u2013 De segunda a sexta-feira, das 18h \u00e0s 22h e das 13h \u00e0s 17h<\/p>\n<p><strong>\u2013 Auxiliar de manuten\u00e7\u00e3o preventiva de refrigera\u00e7\u00e3o e climatiza\u00e7\u00e3o<\/strong><\/p>\n<p>De 21\/8 a 13\/9 \u2013 De segunda a quinta-feira, das 18h \u00e0s 22h<\/p>\n<p>De 22\/8 a 15\/9 \u2013 De ter\u00e7a a sexta-feira, das 13h \u00e0s 17h<\/p>\n<p><strong>\u2013 Fabrica\u00e7\u00e3o de pizzas<\/strong><\/p>\n<p>De 21\/8 a 1\u00ba\/9 \u2013 De segunda a sexta-feira, das 13h \u00e0s 17h<\/p>\n","protected":false},"excerpt":{"rendered":"<p>A Prefeitura de Ilhabela, por meio do Fundo Social de Solidariedade est\u00e1 com as inscri\u00e7\u00f5es abertas para os cursos de qualifica\u00e7\u00e3o profissional oferecidos pela unidade. O prazo de inscri\u00e7\u00f5es \u00e9 at\u00e9 21 de julho. Os interessados devem comparecer na Sede do Fundo Social, localizada na Rua Guaiamu, 56 \u2013 Perequ\u00ea, das 9h \u00e0s 17h, munidos [&hellip;]<\/p>\n","protected":false},"author":28,"featured_media":16908,"comment_status":"open","ping_status":"open","sticky":false,"template":"","format":"standard","meta":{"footnotes":""},"categories":[2,3],"tags":[],"class_list":["post-16907","post","type-post","status-publish","format-standard","has-post-thumbnail","hentry","category-geral","category-ilhabela"],"aioseo_notices":[],"_links":{"self":[{"href":"https:\/\/lrm67.com\/index.php\/wp-json\/wp\/v2\/posts\/16907","targetHints":{"allow":["GET"]}}],"collection":[{"href":"https:\/\/lrm67.com\/index.php\/wp-json\/wp\/v2\/posts"}],"about":[{"href":"https:\/\/lrm67.com\/index.php\/wp-json\/wp\/v2\/types\/post"}],"author":[{"embeddable":true,"href":"https:\/\/lrm67.com\/index.php\/wp-json\/wp\/v2\/users\/28"}],"replies":[{"embeddable":true,"href":"https:\/\/lrm67.com\/index.php\/wp-json\/wp\/v2\/comments?post=16907"}],"version-history":[{"count":1,"href":"https:\/\/lrm67.com\/index.php\/wp-json\/wp\/v2\/posts\/16907\/revisions"}],"predecessor-version":[{"id":16909,"href":"https:\/\/lrm67.com\/index.php\/wp-json\/wp\/v2\/posts\/16907\/revisions\/16909"}],"wp:featuredmedia":[{"embeddable":true,"href":"https:\/\/lrm67.com\/index.php\/wp-json\/wp\/v2\/media\/16908"}],"wp:attachment":[{"href":"https:\/\/lrm67.com\/index.php\/wp-json\/wp\/v2\/media?parent=16907"}],"wp:term":[{"taxonomy":"category","embeddable":true,"href":"https:\/\/lrm67.com\/index.php\/wp-json\/wp\/v2\/categories?post=16907"},{"taxonomy":"post_tag","embeddable":true,"href":"https:\/\/lrm67.com\/index.php\/wp-json\/wp\/v2\/tags?post=16907"}],"curies":[{"name":"wp","href":"https:\/\/api.w.org\/{rel}","templated":true}]}}