{"id":16904,"date":"2023-07-12T18:27:36","date_gmt":"2023-07-12T21:27:36","guid":{"rendered":"https:\/\/lrm67.com\/?p=16904"},"modified":"2023-07-12T18:27:36","modified_gmt":"2023-07-12T21:27:36","slug":"acao-social-movel-leva-atendimento-e-informacoes-sobre-programas-sociais-aos-moradores-de-boicucanga-nesta-quinta-feira","status":"publish","type":"post","link":"https:\/\/lrm67.com\/index.php\/2023\/07\/12\/acao-social-movel-leva-atendimento-e-informacoes-sobre-programas-sociais-aos-moradores-de-boicucanga-nesta-quinta-feira\/","title":{"rendered":"A\u00e7\u00e3o Social M\u00f3vel leva atendimento e informa\u00e7\u00f5es sobre programas sociais aos moradores de Boi\u00e7ucanga nesta quinta-feira"},"content":{"rendered":"<p>A Prefeitura de S\u00e3o Sebasti\u00e3o, por meio da Secretaria de Desenvolvimento Econ\u00f4mico e Social (SEDES), realiza mais uma A\u00e7\u00e3o Social M\u00f3vel. Desta vez, a a\u00e7\u00e3o ocorrer\u00e1 nesta quinta-feira (13), na Pra\u00e7a da Alegria, no bairro Boi\u00e7ucanga, Costa Sul do munic\u00edpio.<\/p>\n<p>O projeto que vai de bairro em bairro da cidade para atendimento itinerante aos moradores leva informa\u00e7\u00f5es relacionadas aos benef\u00edcios cedidos pelos governos federal, estadual, municipal, al\u00e9m de quest\u00f5es ligadas ao Centro de Refer\u00eancia de Assist\u00eancia Social (CRAS) e Cadastro \u00danico (Cad\u00danico) \u2013 porta de entrada dos programas socioassistenciais.<\/p>\n<p>O objetivo \u00e9 garantir atendimento ao p\u00fablico que se encontra em situa\u00e7\u00e3o de vulnerabilidade social, ao facilitar acesso aos equipamentos de assist\u00eancia social, por a\u00e7\u00f5es descentralizadas, em toda a extens\u00e3o territorial de S\u00e3o Sebasti\u00e3o.<\/p>\n<p>Importante ressaltar que 50 senhas ser\u00e3o entregues durante os atendimentos que ocorrer\u00e3o das 9h \u00e0s 15h. Os interessados em solicitar recadastramento, atualiza\u00e7\u00e3o, ou inclus\u00e3o no Cadastro \u00danico (Cad\u00danico) devem comparecer ao local, munidos de RG, CPF, T\u00edtulo de Eleitor, Carteira de Trabalho, Comprovante de Endere\u00e7o, Certid\u00e3o de Casamento e Certid\u00e3o de Nascimento dos menores de 18 anos, se houver.<\/p>\n<p><strong>Bolsa Fam\u00edlia<\/strong><\/p>\n<p>De acordo com o governo federal, o Bolsa Fam\u00edlia \u00e9 o maior programa de transfer\u00eancia de renda do Brasil, reconhecido internacionalmente, por j\u00e1 ter tirado milh\u00f5es de fam\u00edlias da fome. Ainda segundo o Governo Federal, o programa foi relan\u00e7ado, com mais prote\u00e7\u00e3o \u00e0s fam\u00edlias, num modelo de benef\u00edcio, que considera o tamanho e as caracter\u00edsticas familiares, ou seja, fam\u00edlias com tr\u00eas ou mais pessoas passar\u00e3o a receber mais do que uma pessoa que vive sozinha.<\/p>\n<p>Al\u00e9m de garantir renda b\u00e1sica para as fam\u00edlias em situa\u00e7\u00e3o de pobreza, o Programa Bolsa Fam\u00edlia busca integrar pol\u00edticas p\u00fablicas, fortalecendo o acesso das fam\u00edlias a direitos b\u00e1sicos como sa\u00fade, educa\u00e7\u00e3o e assist\u00eancia social. O Bolsa Fam\u00edlia vai resgatar a dignidade e a cidadania das fam\u00edlias, tamb\u00e9m pela atua\u00e7\u00e3o em a\u00e7\u00f5es complementares, por meio de articula\u00e7\u00e3o com outras pol\u00edticas para a supera\u00e7\u00e3o da pobreza e transforma\u00e7\u00e3o social, tais como assist\u00eancia social, esporte, ci\u00eancia e trabalho.<\/p>\n<p>Para ter direito ao Bolsa Fam\u00edlia, a principal regra \u00e9 que a renda de cada pessoa da fam\u00edlia seja de no m\u00e1ximo, R$ 218 por m\u00eas, ou seja, se um integrante da fam\u00edlia recebe um sal\u00e1rio m\u00ednimo (R$ 1.302), e nessa fam\u00edlia h\u00e1 seis pessoas, a renda de cada um \u00e9 de R$ 217.<\/p>\n<p>Como est\u00e1 abaixo do limite de R$ 218 por pessoa, essa fam\u00edlia tem o direito de receber o benef\u00edcio. Para obter o benef\u00edcio \u00e9 preciso que a fam\u00edlia ou pessoa esteja inscrito no Cadastro \u00danico (Cad\u00danico), com os dados corretos e atualizados.<\/p>\n<p>Esse cadastramento \u00e9 feito nos Centros de Refer\u00eancias de Assist\u00eancia Social (CRASs) e no munic\u00edpio de S\u00e3o Sebasti\u00e3o, tamb\u00e9m pelo projeto A\u00e7\u00e3o Social M\u00f3vel do governo municipal.<\/p>\n<p>Importante ressaltar que, segundo o governo federal, mesmo inscrita no Cadastro \u00danico, a fam\u00edlia n\u00e3o entra imediatamente para o Bolsa Fam\u00edlia. Todos os meses, o programa identifica, de forma automatizada, as fam\u00edlias que ser\u00e3o inclu\u00eddas e que come\u00e7ar\u00e3o a receber o benef\u00edcio.<\/p>\n","protected":false},"excerpt":{"rendered":"<p>A Prefeitura de S\u00e3o Sebasti\u00e3o, por meio da Secretaria de Desenvolvimento Econ\u00f4mico e Social (SEDES), realiza mais uma A\u00e7\u00e3o Social M\u00f3vel. Desta vez, a a\u00e7\u00e3o ocorrer\u00e1 nesta quinta-feira (13), na Pra\u00e7a da Alegria, no bairro Boi\u00e7ucanga, Costa Sul do munic\u00edpio. O projeto que vai de bairro em bairro da cidade para atendimento itinerante aos moradores [&hellip;]<\/p>\n","protected":false},"author":28,"featured_media":16905,"comment_status":"open","ping_status":"open","sticky":false,"template":"","format":"standard","meta":{"footnotes":""},"categories":[2,13],"tags":[],"class_list":["post-16904","post","type-post","status-publish","format-standard","has-post-thumbnail","hentry","category-geral","category-sao-sebastiao"],"aioseo_notices":[],"_links":{"self":[{"href":"https:\/\/lrm67.com\/index.php\/wp-json\/wp\/v2\/posts\/16904","targetHints":{"allow":["GET"]}}],"collection":[{"href":"https:\/\/lrm67.com\/index.php\/wp-json\/wp\/v2\/posts"}],"about":[{"href":"https:\/\/lrm67.com\/index.php\/wp-json\/wp\/v2\/types\/post"}],"author":[{"embeddable":true,"href":"https:\/\/lrm67.com\/index.php\/wp-json\/wp\/v2\/users\/28"}],"replies":[{"embeddable":true,"href":"https:\/\/lrm67.com\/index.php\/wp-json\/wp\/v2\/comments?post=16904"}],"version-history":[{"count":1,"href":"https:\/\/lrm67.com\/index.php\/wp-json\/wp\/v2\/posts\/16904\/revisions"}],"predecessor-version":[{"id":16906,"href":"https:\/\/lrm67.com\/index.php\/wp-json\/wp\/v2\/posts\/16904\/revisions\/16906"}],"wp:featuredmedia":[{"embeddable":true,"href":"https:\/\/lrm67.com\/index.php\/wp-json\/wp\/v2\/media\/16905"}],"wp:attachment":[{"href":"https:\/\/lrm67.com\/index.php\/wp-json\/wp\/v2\/media?parent=16904"}],"wp:term":[{"taxonomy":"category","embeddable":true,"href":"https:\/\/lrm67.com\/index.php\/wp-json\/wp\/v2\/categories?post=16904"},{"taxonomy":"post_tag","embeddable":true,"href":"https:\/\/lrm67.com\/index.php\/wp-json\/wp\/v2\/tags?post=16904"}],"curies":[{"name":"wp","href":"https:\/\/api.w.org\/{rel}","templated":true}]}}