{"id":16901,"date":"2023-07-12T18:23:26","date_gmt":"2023-07-12T21:23:26","guid":{"rendered":"https:\/\/lrm67.com\/?p=16901"},"modified":"2023-07-12T18:23:26","modified_gmt":"2023-07-12T21:23:26","slug":"50a-semana-internacional-de-vela-e-monotipos-comeca-nesta-sexta-feira","status":"publish","type":"post","link":"https:\/\/lrm67.com\/index.php\/2023\/07\/12\/50a-semana-internacional-de-vela-e-monotipos-comeca-nesta-sexta-feira\/","title":{"rendered":"50\u00aa Semana Internacional de Vela e Monotipos come\u00e7a nesta sexta-feira"},"content":{"rendered":"<p>Inicia nesta sexta (14), a programa\u00e7\u00e3o especial da 50\u00aa Semana Internacional de Vela de Ilhabela e o Race Village, um espa\u00e7o de conviv\u00eancia e atra\u00e7\u00f5es do evento, montado na Vila \u2013 Centro Hist\u00f3rico.<\/p>\n<p>A 50\u00aa Semana Internacional de Vela de Ilhabela tem in\u00edcio com a competi\u00e7\u00e3o de Monotipos, promovida pela Prefeitura, de 14 a 16 de julho, na Escola Municipal de Vela \u201cLars Grael\u201d. A partir de 23 de julho, come\u00e7am as competi\u00e7\u00f5es pela Classe Oceano, organizada pelo Yacht Club de Ilhabela com o apoio da Prefeitura.<\/p>\n<p>\u201cA Semana de Vela de Ilhabela re\u00fane os melhores velejadores da Am\u00e9rica do Sul nas competi\u00e7\u00f5es de Oceano e Monotipos e transforma a cidade em um verdadeiro centro da modalidade durante o m\u00eas de julho. Al\u00e9m disso, o evento oferece uma oportunidade \u00fanica de desfrutar de atividades culturais e gastron\u00f4micas para os moradores locais, participantes e turistas\u201d, destaca o prefeito de Ilhabela, Toninho Colucci.<\/p>\n<p>Al\u00e9m das competi\u00e7\u00f5es, a Semana Internacional de Vela de Ilhabela tamb\u00e9m oferece uma s\u00e9rie de atividades culturais e sociais, no Race Village, um espa\u00e7o que oferece shows, exposi\u00e7\u00f5es e palestras na Vila, centro hist\u00f3rico da cidade.<\/p>\n<p>Durante o evento, s\u00e3o realizados shows musicais, palestras, exposi\u00e7\u00f5es, mostra de dan\u00e7a e atra\u00e7\u00f5es de aventura. A programa\u00e7\u00e3o completa est\u00e1 dispon\u00edvel em: https:\/\/bit.ly\/3NOVrX5.<\/p>\n<p>Confira a programa\u00e7\u00e3o do primeiro fim de semana da 50\u00aa Semana Internacional de Vela e Monotipos:<\/p>\n<p><strong>14\/7 (6\u00aa feira)<\/strong><\/p>\n<p>11h \u2013 Abertura Oficial da Semana de Monotipos na Escola de Vela Lars Grael<\/p>\n<p>13h \u2013 Regatas da Semana de Monotipos na Escola de Vela Lars Grael<\/p>\n<p>20h \u2013 Mostra de Dan\u00e7a Fundaci no Centro Cultural Waldemar Belis\u00e1rio<\/p>\n<p><strong>15\/7 (S\u00e1bado)<\/strong><\/p>\n<p>12h \u2013 Regatas Semana de Monotipos na Escola de Vela Lars Grael<\/p>\n<p>14h \u00e0s 22h \u2013 Race Village no Race Village<\/p>\n<p>16h \u2013 Sunset com DJ Phill no Race Village<\/p>\n<p>18h \u2013 Palestra Pl\u00e1cido Cali no Race Village<\/p>\n<p>19h \u2013 Abertura Oficial do Race Village<\/p>\n<p>19h30 \u2013 Show de Abertura com Felipe Blue<\/p>\n<p>20h \u2013 Mostra de Dan\u00e7a Fundaci no Centro Cultural Waldemar Belis\u00e1rio<\/p>\n<p><strong>16\/7 (Domingo)<\/strong><\/p>\n<p>12h \u2013 Regatas Semana de Monotipos na Escola de Vela Lars Grael<\/p>\n<p>14h \u00e0s 22h \u2013 Race Village no Race Village<\/p>\n<p>16h \u2013 Sunset com DJ Negrito no Race Village<\/p>\n<p>19h \u2013 Cobertura SIVI \u2013 com Kadu Biaggio \u2013 Cobertura do Campeonato de Monotipos no Race Village<\/p>\n<p>19h \u2013 Palestra Com Danilo Taino no Race Village<\/p>\n<p>21h \u2013 Apresenta\u00e7\u00e3o de Sax com C\u00e9sar Cardoso<\/p>\n<p>9h \u00e0s 22h \u2013 Ilha Dance Festival no Centro Cultural Waldemar Belis\u00e1rio<\/p>\n","protected":false},"excerpt":{"rendered":"<p>Inicia nesta sexta (14), a programa\u00e7\u00e3o especial da 50\u00aa Semana Internacional de Vela de Ilhabela e o Race Village, um espa\u00e7o de conviv\u00eancia e atra\u00e7\u00f5es do evento, montado na Vila \u2013 Centro Hist\u00f3rico. A 50\u00aa Semana Internacional de Vela de Ilhabela tem in\u00edcio com a competi\u00e7\u00e3o de Monotipos, promovida pela Prefeitura, de 14 a 16 [&hellip;]<\/p>\n","protected":false},"author":28,"featured_media":16902,"comment_status":"open","ping_status":"open","sticky":false,"template":"","format":"standard","meta":{"footnotes":""},"categories":[7,12,3],"tags":[],"class_list":["post-16901","post","type-post","status-publish","format-standard","has-post-thumbnail","hentry","category-destaque","category-eventos","category-ilhabela"],"aioseo_notices":[],"_links":{"self":[{"href":"https:\/\/lrm67.com\/index.php\/wp-json\/wp\/v2\/posts\/16901","targetHints":{"allow":["GET"]}}],"collection":[{"href":"https:\/\/lrm67.com\/index.php\/wp-json\/wp\/v2\/posts"}],"about":[{"href":"https:\/\/lrm67.com\/index.php\/wp-json\/wp\/v2\/types\/post"}],"author":[{"embeddable":true,"href":"https:\/\/lrm67.com\/index.php\/wp-json\/wp\/v2\/users\/28"}],"replies":[{"embeddable":true,"href":"https:\/\/lrm67.com\/index.php\/wp-json\/wp\/v2\/comments?post=16901"}],"version-history":[{"count":1,"href":"https:\/\/lrm67.com\/index.php\/wp-json\/wp\/v2\/posts\/16901\/revisions"}],"predecessor-version":[{"id":16903,"href":"https:\/\/lrm67.com\/index.php\/wp-json\/wp\/v2\/posts\/16901\/revisions\/16903"}],"wp:featuredmedia":[{"embeddable":true,"href":"https:\/\/lrm67.com\/index.php\/wp-json\/wp\/v2\/media\/16902"}],"wp:attachment":[{"href":"https:\/\/lrm67.com\/index.php\/wp-json\/wp\/v2\/media?parent=16901"}],"wp:term":[{"taxonomy":"category","embeddable":true,"href":"https:\/\/lrm67.com\/index.php\/wp-json\/wp\/v2\/categories?post=16901"},{"taxonomy":"post_tag","embeddable":true,"href":"https:\/\/lrm67.com\/index.php\/wp-json\/wp\/v2\/tags?post=16901"}],"curies":[{"name":"wp","href":"https:\/\/api.w.org\/{rel}","templated":true}]}}