{"id":16885,"date":"2023-07-10T16:11:32","date_gmt":"2023-07-10T19:11:32","guid":{"rendered":"https:\/\/lrm67.com\/?p=16885"},"modified":"2023-07-12T16:15:18","modified_gmt":"2023-07-12T19:15:18","slug":"sessao-solene-da-alesp-comemora-91-anos-do-movimento-constitucionalista-de-sao-paulo","status":"publish","type":"post","link":"https:\/\/lrm67.com\/index.php\/2023\/07\/10\/sessao-solene-da-alesp-comemora-91-anos-do-movimento-constitucionalista-de-sao-paulo\/","title":{"rendered":"Sess\u00e3o solene da Alesp comemora 91 anos do Movimento Constitucionalista de S\u00e3o Paulo"},"content":{"rendered":"<p>A Assembleia Legislativa do Estado de S\u00e3o Paulo promoveu, no \u00faltimo domingo (9), a Sess\u00e3o Solene de Celebra\u00e7\u00e3o de 91 Anos do Movimento Constitucionalista de S\u00e3o Paulo, ocorrido em 9 de julho de 1932.<\/p>\n<p>O evento foi solicitado e presidido pelo deputado Capit\u00e3o Telhada (PP). &#8220;A finalidade da cerim\u00f4nia \u00e9 entregar a medalha da Constitui\u00e7\u00e3o para personalidades de destaque que prestam relevantes servi\u00e7os para o desenvolvimento da sociedade paulista&#8221;, disse.<\/p>\n<p>De acordo como o presidente da Alesp, deputado Andr\u00e9 do Prado, a hist\u00f3ria do significado do 9 de julho \u00e9 um ?divisor de \u00e1guas? para S\u00e3o Paulo. &#8220;Esta Casa [Alesp] homenageia, nesta sess\u00e3o solene, diversas pessoas de diversas camadas, que prestam relevantes servi\u00e7os para a nossa sociedade. \u00c9 isso que \u00e9 S\u00e3o Paulo: cada um contribuindo, com a atividade que exerce como cidad\u00e3o, para que esse Estado possa continuar sendo o mais potente, o mais desenvolvido e que contribui para nossa P\u00e1tria&#8221;, pontuou.<\/p>\n<p><b>Pronunciamentos<\/b><\/p>\n<p>&#8220;Nove de julho \u00e9 uma data significativa para todos n\u00f3s, porque \u00e9 mais uma oportunidade para n\u00f3s, do povo paulista, de homenagear os [nossos] her\u00f3is e fazer jus \u00e0 sua hist\u00f3ria. Os paulistas nunca faltaram ao Brasil e o 9 de julho representa isso&#8221;, declarou o deputado Lucas Bove.<\/p>\n<p>O deputado federal Coronel Telhada parabenizou os homenageados que receberam a condecora\u00e7\u00e3o e reconheceu a import\u00e2ncia deles para o Estado de S\u00e3o Paulo. &#8220;\u00c9 bom lembrar que os ideais do Movimento de 1932 vivem at\u00e9 hoje nas popula\u00e7\u00f5es paulista e brasileira. N\u00f3s, paulistas, em 1932, n\u00e3o aceitamos a ditadura pol\u00edtica, procuramos pelos nossos direitos e lutamos por ele. Hoje, nossas trincheiras s\u00e3o as trincheiras pol\u00edticas e o futuro do nosso pa\u00eds&#8221;, opinou.<\/p>\n<p>O governador do Estado de S\u00e3o Paulo, Tarc\u00edsio, subiu na tribuna e disse que foi uma honra estar na Casa do Povo para celebrar o 9 de julho. &#8220;Hoje \u00e9 um dia extremamente especial, porque marca a luta de uma s\u00e9rie de pessoas e de um Estado pela ordem constitucional. Se hoje podemos celebrar um Estado Democr\u00e1tico de Direito forte, devemos isso aos nossos antepassados, que lutaram para que tiv\u00e9ssemos uma Constitui\u00e7\u00e3o, que foi proclamada em 1934&#8221;, declarou.<\/p>\n<p>O chefe do Poder Executivo Estadual finalizou seu discurso reconhecendo que o sacrif\u00edcio desempenhado pelos combatentes do Movimento de 1932 \u00e9 um importante exemplo para o fortalecimento e desenvolvimento econ\u00f4micos do Estado de S\u00e3o Paulo.<\/p>\n<p>Logo ap\u00f3s os pronunciamentos das autoridades, Jos\u00e9 Jantalia proclamou o poema &#8220;Nossa Bandeira&#8221;, de Guilherme de Almeida, que exalta a terra, o povo e as peculiaridades do Estado de S\u00e3o Paulo.<\/p>\n<p>A cerim\u00f4nia terminou com a entrega da Medalha da Constitui\u00e7\u00e3o aos homenageados, entre eles pessoas ligadas ao tema. O governador do Estado, Tarc\u00edsio de Freitas, autoridades do Governo, Legislativo e Pol\u00edcia Militar e representantes de organiza\u00e7\u00f5es foram alguns dos condecorados.<\/p>\n<p><b>Participantes da Cerim\u00f4nia<\/b><\/p>\n<p>A Mesa da solenidade foi composta pelo presidente da Alesp, o deputado Andr\u00e9 do Prado; governador do Estado, Tarc\u00edsio de Freitas; pelos deputados Capit\u00e3o Telhada, que presidiu os trabalhos, Lucas Bove (PL) e Rog\u00e9rio Santos (MDB); o deputado federal Coronel Telhada (Progressistas); coronel da Pol\u00edcia Militar Ricardo Roberto Tofanelli; e pelo subprocurador geral de justi\u00e7a, Jos\u00e9 Carlos Cosenzo. O evento ainda contou com a presen\u00e7a de diversos representantes e autoridades pol\u00edticas e do governo, como secret\u00e1rio de Seguran\u00e7a P\u00fablica do Estado de S\u00e3o Paulo, Guilherme Derrite.<\/p>\n","protected":false},"excerpt":{"rendered":"<p>A Assembleia Legislativa do Estado de S\u00e3o Paulo promoveu, no \u00faltimo domingo (9), a Sess\u00e3o Solene de Celebra\u00e7\u00e3o de 91 Anos do Movimento Constitucionalista de S\u00e3o Paulo, ocorrido em 9 de julho de 1932. O evento foi solicitado e presidido pelo deputado Capit\u00e3o Telhada (PP). &#8220;A finalidade da cerim\u00f4nia \u00e9 entregar a medalha da Constitui\u00e7\u00e3o [&hellip;]<\/p>\n","protected":false},"author":26,"featured_media":16886,"comment_status":"open","ping_status":"open","sticky":false,"template":"","format":"standard","meta":{"footnotes":""},"categories":[16],"tags":[],"class_list":["post-16885","post","type-post","status-publish","format-standard","has-post-thumbnail","hentry","category-politica"],"aioseo_notices":[],"_links":{"self":[{"href":"https:\/\/lrm67.com\/index.php\/wp-json\/wp\/v2\/posts\/16885","targetHints":{"allow":["GET"]}}],"collection":[{"href":"https:\/\/lrm67.com\/index.php\/wp-json\/wp\/v2\/posts"}],"about":[{"href":"https:\/\/lrm67.com\/index.php\/wp-json\/wp\/v2\/types\/post"}],"author":[{"embeddable":true,"href":"https:\/\/lrm67.com\/index.php\/wp-json\/wp\/v2\/users\/26"}],"replies":[{"embeddable":true,"href":"https:\/\/lrm67.com\/index.php\/wp-json\/wp\/v2\/comments?post=16885"}],"version-history":[{"count":1,"href":"https:\/\/lrm67.com\/index.php\/wp-json\/wp\/v2\/posts\/16885\/revisions"}],"predecessor-version":[{"id":16887,"href":"https:\/\/lrm67.com\/index.php\/wp-json\/wp\/v2\/posts\/16885\/revisions\/16887"}],"wp:featuredmedia":[{"embeddable":true,"href":"https:\/\/lrm67.com\/index.php\/wp-json\/wp\/v2\/media\/16886"}],"wp:attachment":[{"href":"https:\/\/lrm67.com\/index.php\/wp-json\/wp\/v2\/media?parent=16885"}],"wp:term":[{"taxonomy":"category","embeddable":true,"href":"https:\/\/lrm67.com\/index.php\/wp-json\/wp\/v2\/categories?post=16885"},{"taxonomy":"post_tag","embeddable":true,"href":"https:\/\/lrm67.com\/index.php\/wp-json\/wp\/v2\/tags?post=16885"}],"curies":[{"name":"wp","href":"https:\/\/api.w.org\/{rel}","templated":true}]}}