{"id":16855,"date":"2023-07-11T14:39:09","date_gmt":"2023-07-11T17:39:09","guid":{"rendered":"https:\/\/lrm67.com\/?p=16855"},"modified":"2023-07-11T14:39:09","modified_gmt":"2023-07-11T17:39:09","slug":"marinha-alerta-para-passagem-de-ciclone-extratropical-no-ln","status":"publish","type":"post","link":"https:\/\/lrm67.com\/index.php\/2023\/07\/11\/marinha-alerta-para-passagem-de-ciclone-extratropical-no-ln\/","title":{"rendered":"Marinha alerta para passagem de ciclone extratropical no LN"},"content":{"rendered":"<p>Marcello Ver\u00edssimo<\/p>\n<p>A Marinha do Brasil emitiu alerta para a passagem de um ciclone extratropical que poder\u00e1 afetar a faixa litor\u00e2nea dos estados do Rio de Grande do Sul e de Santa Catarina, entre o Chu\u00ed (RS) e Laguna (SC), com ventos de at\u00e9 100 km\/h (55 n\u00f3s) e, posteriormente, de dire\u00e7\u00e3o noroeste a sudoeste, com intensidade de at\u00e9 155 km\/h (63 n\u00f3s) entre a manh\u00e3 do dia 12 e a noite do dia 13 julho.<\/p>\n<p>De acordo com o alerta da Marinha, o ciclone pode provocar ressaca, com ondas de dire\u00e7\u00e3o sudeste a leste e altura de at\u00e9 4,5 metros, na mesma regi\u00e3o, entre as noites dos dias 12 e 14 de julho.<\/p>\n<p>O alerta diz que o mesmo ciclo e tamb\u00e9m pode afetar o litoral de S\u00e3o Paulo com ventos de at\u00e9<br \/>\n100 km\/h (55 n\u00f3s), entre a noite do dia 12 e a manh\u00e3 do dia 14.<\/p>\n<p>A Marinha do Brasil mant\u00e9m todos os avisos de mau tempo em vigor no endere\u00e7o eletr\u00f4nico https:\/\/www.marinha.mil.br\/chm\/dados-do-smm-avisos-de-mau-tempo.<\/p>\n<p>As informa\u00e7\u00f5es meteorol\u00f3gicas podem ser visualizadas na p\u00e1gina do Servi\u00e7o Meteorol\u00f3gico Marinho no Facebook, no link: https:\/\/www.facebook.com\/servicometeorologicomb\/ ou pelos aplicativos \u201cPrevis\u00e3o Ambiental Marinha (PAM)\u201d e \u201cBoletim ao Mar\u201d. Os aplicativos est\u00e3o dispon\u00edveis para download nos smartphones e tablets com sistemas Android e iOS.<\/p>\n<p>Os navegantes devem ficar atentos e consultar as informa\u00e7\u00f5es antes de ir ao mar neste per\u00edodo com embarca\u00e7\u00e3o de pesca, esporte e recreio.<\/p>\n","protected":false},"excerpt":{"rendered":"<p>Marcello Ver\u00edssimo A Marinha do Brasil emitiu alerta para a passagem de um ciclone extratropical que poder\u00e1 afetar a faixa litor\u00e2nea dos estados do Rio de Grande do Sul e de Santa Catarina, entre o Chu\u00ed (RS) e Laguna (SC), com ventos de at\u00e9 100 km\/h (55 n\u00f3s) e, posteriormente, de dire\u00e7\u00e3o noroeste a sudoeste, [&hellip;]<\/p>\n","protected":false},"author":28,"featured_media":16856,"comment_status":"open","ping_status":"open","sticky":false,"template":"","format":"standard","meta":{"footnotes":""},"categories":[7,2,6],"tags":[],"class_list":["post-16855","post","type-post","status-publish","format-standard","has-post-thumbnail","hentry","category-destaque","category-geral","category-tempo"],"aioseo_notices":[],"_links":{"self":[{"href":"https:\/\/lrm67.com\/index.php\/wp-json\/wp\/v2\/posts\/16855","targetHints":{"allow":["GET"]}}],"collection":[{"href":"https:\/\/lrm67.com\/index.php\/wp-json\/wp\/v2\/posts"}],"about":[{"href":"https:\/\/lrm67.com\/index.php\/wp-json\/wp\/v2\/types\/post"}],"author":[{"embeddable":true,"href":"https:\/\/lrm67.com\/index.php\/wp-json\/wp\/v2\/users\/28"}],"replies":[{"embeddable":true,"href":"https:\/\/lrm67.com\/index.php\/wp-json\/wp\/v2\/comments?post=16855"}],"version-history":[{"count":1,"href":"https:\/\/lrm67.com\/index.php\/wp-json\/wp\/v2\/posts\/16855\/revisions"}],"predecessor-version":[{"id":16857,"href":"https:\/\/lrm67.com\/index.php\/wp-json\/wp\/v2\/posts\/16855\/revisions\/16857"}],"wp:featuredmedia":[{"embeddable":true,"href":"https:\/\/lrm67.com\/index.php\/wp-json\/wp\/v2\/media\/16856"}],"wp:attachment":[{"href":"https:\/\/lrm67.com\/index.php\/wp-json\/wp\/v2\/media?parent=16855"}],"wp:term":[{"taxonomy":"category","embeddable":true,"href":"https:\/\/lrm67.com\/index.php\/wp-json\/wp\/v2\/categories?post=16855"},{"taxonomy":"post_tag","embeddable":true,"href":"https:\/\/lrm67.com\/index.php\/wp-json\/wp\/v2\/tags?post=16855"}],"curies":[{"name":"wp","href":"https:\/\/api.w.org\/{rel}","templated":true}]}}