{"id":16759,"date":"2023-07-07T10:03:32","date_gmt":"2023-07-07T13:03:32","guid":{"rendered":"https:\/\/lrm67.com\/?p=16759"},"modified":"2023-07-07T10:03:32","modified_gmt":"2023-07-07T13:03:32","slug":"painel-comemorativo-esta-pronto-na-escola-de-vela-de-ilhabela","status":"publish","type":"post","link":"https:\/\/lrm67.com\/index.php\/2023\/07\/07\/painel-comemorativo-esta-pronto-na-escola-de-vela-de-ilhabela\/","title":{"rendered":"Painel comemorativo est\u00e1 pronto na Escola de Vela de Ilhabela"},"content":{"rendered":"<p>Marcello Ver\u00edssimo<\/p>\n<p>J\u00e1 est\u00e1 pronto o novo painel da Escola de Vela de Ilhabela &#8220;Lars Grael&#8221;, que vai receber os velejadores da 50\u00aa Semana de Monotipos, que antecede a Semana Internacional de Vela. O painel passou por uma restaura\u00e7\u00e3o assinada pelo artista pl\u00e1stico do munic\u00edpio Gen\u00e9sio Teles, que tem mais de 100 exposi\u00e7\u00f5es ao redor do planeta, que utilizou como mat\u00e9ria-prima as velas do Atrevida, veleiro de oceano que completa seu centen\u00e1rio em 2023.<\/p>\n<p>O novo painel foi inspirado no quadro \u201cA \u00faltima Ceia\u201d, do italiano Leonardo Da Vinci. O painel \u00e9 uma reprodu\u00e7\u00e3o impec\u00e1vel da cena e torna a obra uma atra\u00e7\u00e3o \u00e0 parte para os visitantes.<\/p>\n<p>De acordo com a prefeitura, trata-se de uma fus\u00e3o perfeita entre a cultura cai\u00e7ara e o universo da vela.<\/p>\n<p>Gen\u00e9sio disse que ficou muito orgulho com o resultado. &#8220;Estou muito feliz em ter executado essa restaura\u00e7\u00e3o que me foi confiada pela Prefeitura. Espero que a obra de arte dure muitos anos para que possamos apreciar todos os dias\u201d, disse ele.<\/p>\n","protected":false},"excerpt":{"rendered":"<p>Marcello Ver\u00edssimo J\u00e1 est\u00e1 pronto o novo painel da Escola de Vela de Ilhabela &#8220;Lars Grael&#8221;, que vai receber os velejadores da 50\u00aa Semana de Monotipos, que antecede a Semana Internacional de Vela. O painel passou por uma restaura\u00e7\u00e3o assinada pelo artista pl\u00e1stico do munic\u00edpio Gen\u00e9sio Teles, que tem mais de 100 exposi\u00e7\u00f5es ao redor [&hellip;]<\/p>\n","protected":false},"author":28,"featured_media":16760,"comment_status":"open","ping_status":"open","sticky":false,"template":"","format":"standard","meta":{"footnotes":""},"categories":[12,3],"tags":[],"class_list":["post-16759","post","type-post","status-publish","format-standard","has-post-thumbnail","hentry","category-eventos","category-ilhabela"],"aioseo_notices":[],"_links":{"self":[{"href":"https:\/\/lrm67.com\/index.php\/wp-json\/wp\/v2\/posts\/16759","targetHints":{"allow":["GET"]}}],"collection":[{"href":"https:\/\/lrm67.com\/index.php\/wp-json\/wp\/v2\/posts"}],"about":[{"href":"https:\/\/lrm67.com\/index.php\/wp-json\/wp\/v2\/types\/post"}],"author":[{"embeddable":true,"href":"https:\/\/lrm67.com\/index.php\/wp-json\/wp\/v2\/users\/28"}],"replies":[{"embeddable":true,"href":"https:\/\/lrm67.com\/index.php\/wp-json\/wp\/v2\/comments?post=16759"}],"version-history":[{"count":1,"href":"https:\/\/lrm67.com\/index.php\/wp-json\/wp\/v2\/posts\/16759\/revisions"}],"predecessor-version":[{"id":16761,"href":"https:\/\/lrm67.com\/index.php\/wp-json\/wp\/v2\/posts\/16759\/revisions\/16761"}],"wp:featuredmedia":[{"embeddable":true,"href":"https:\/\/lrm67.com\/index.php\/wp-json\/wp\/v2\/media\/16760"}],"wp:attachment":[{"href":"https:\/\/lrm67.com\/index.php\/wp-json\/wp\/v2\/media?parent=16759"}],"wp:term":[{"taxonomy":"category","embeddable":true,"href":"https:\/\/lrm67.com\/index.php\/wp-json\/wp\/v2\/categories?post=16759"},{"taxonomy":"post_tag","embeddable":true,"href":"https:\/\/lrm67.com\/index.php\/wp-json\/wp\/v2\/tags?post=16759"}],"curies":[{"name":"wp","href":"https:\/\/api.w.org\/{rel}","templated":true}]}}