{"id":16730,"date":"2023-07-06T10:12:55","date_gmt":"2023-07-06T13:12:55","guid":{"rendered":"https:\/\/lrm67.com\/?p=16730"},"modified":"2023-07-06T10:12:55","modified_gmt":"2023-07-06T13:12:55","slug":"artista-de-ilhabela-destaca-identidade-do-arquipelago-em-obras-do-race-village-na-50a-sivi","status":"publish","type":"post","link":"https:\/\/lrm67.com\/index.php\/2023\/07\/06\/artista-de-ilhabela-destaca-identidade-do-arquipelago-em-obras-do-race-village-na-50a-sivi\/","title":{"rendered":"Artista de Ilhabela destaca identidade do arquip\u00e9lago em obras do Race Village na 50\u00aa SIVI"},"content":{"rendered":"<p>Marcello Ver\u00edssimo<\/p>\n<p>O artista local de Ilhabela, Boris Pereira, foi convidado para deixar sua marca na hist\u00f3ria da 50\u00aa Semana Internacional de Vela de Ilhabela. Faltando poucos dias para a abertura oficial do evento e a inaugura\u00e7\u00e3o do Race Village, um espa\u00e7o de conviv\u00eancia e atra\u00e7\u00f5es, montado na Vila, centro hist\u00f3rico, utilizando materiais sustent\u00e1veis e containers adaptados o artista deu o seu &#8220;toque especial&#8221; trazendo elementos de Ilhabela para transform\u00e1-los em verdadeiras obras de arte, tornando-os pontos instagram\u00e1veis.<\/p>\n<p>Al\u00e9m disso, segundo a prefeitura, a pintura ajuda a reduzir a utiliza\u00e7\u00e3o de materiais e res\u00edduos. O prefeito de Ilhabela, Toninho Colucci (PL), disse que sem essa iniciativa seria necess\u00e1rio construir uma estrutura com lonas e outros materiais, o que geraria mais res\u00edduos. &#8220;A pintura nesse caso simplifica o processo e o torna mais sustent\u00e1vel, al\u00e9m de valorizarmos o artista de Ilhabela&#8221;, disse o prefeito.<\/p>\n<p>A prefeitura tamb\u00e9m lembra que os containers usados como estandes para as diversas atra\u00e7\u00f5es da programa\u00e7\u00e3o cultural e art\u00edstica do Race Village s\u00e3o os mesmos que fizeram parte da estrutura da Festa das Tradi\u00e7\u00f5es Nordestinas realizada no m\u00eas passado.<\/p>\n<p>Confira a programa\u00e7\u00e3o completa do Race Village 2023:<\/p>\n<p>14 de julho &#8211; sexta-feira<\/p>\n<p>11h &#8211; Abertura Oficial da Semana de Monotipos<\/p>\n<p>Local: Escola de Vela Lars Grael<\/p>\n<p>13h &#8211; Regatas da Semana de Monotipos<\/p>\n<p>Local: Escola de Vela Lars Grael<\/p>\n<p>14h \u00e0s 22h &#8211; Race Village<\/p>\n<p>Local: Pra\u00e7a das Bandeiras \u2013 Vila<\/p>\n<p>16h &#8211; Sunset<\/p>\n<p>Loca: Race Village<\/p>\n<p>20h &#8211; Mostra de Dan\u00e7a Fundaci<\/p>\n<p>Local: Centro Cultural Waldemar Belis\u00e1rio<\/p>\n<p>15 de julho \u2013 s\u00e1bado<\/p>\n<p>12h &#8211; Regatas Semana de Monotipos<\/p>\n<p>Local: Escola de Vela Lars Grael<\/p>\n<p>14h \u00e0s 22h &#8211; Race Village<\/p>\n<p>Local: Pra\u00e7a das Bandeiras \u2013 Vila<\/p>\n<p>16h: Sunset<\/p>\n<p>Local: Race Village<\/p>\n<p>19h: Palestra<\/p>\n<p>Local: Race Village<\/p>\n<p>20h &#8211; Mostra de Dan\u00e7a Fundaci<\/p>\n<p>Local: Centro Cultural Waldemar Belis\u00e1rio<\/p>\n<p>16 de julho \u2013 domingo<\/p>\n<p>12h &#8211; Regatas Semana de Monotipos<\/p>\n<p>Local: Escola de Vela Lars Grael<\/p>\n<p>14h \u00e0s 22h &#8211; Race Village<\/p>\n<p>Local: Pra\u00e7a das Bandeiras \u2013 Vila<\/p>\n<p>16h &#8211; Sunset<\/p>\n<p>Local: Race Village<\/p>\n<p>19h &#8211; Cobertura SIVI &#8211; com Kadu Biaggio<\/p>\n<p>Cobertura do Campeonato de Monotipos<\/p>\n<p>Local: Race Village<\/p>\n<p>19h30 &#8211; Palestra Mergulho em Ilhabela<\/p>\n<p>Local: Race Village<\/p>\n<p>9h \u00e0s 22h &#8211; Ilha Dance Festival<\/p>\n<p>Local: Centro Cultural Waldemar Belis\u00e1rio<\/p>\n<p>&nbsp;<\/p>\n<p>17 de julho &#8211; segunda-feira<\/p>\n<p>14h \u00e0s 22h &#8211; Race Village<\/p>\n<p>Local: Pra\u00e7a das Bandeiras \u2013 Vila<\/p>\n<p>16h &#8211; Sunset<\/p>\n<p>Local: Race Village<\/p>\n<p>19h &#8211; Palestra<\/p>\n<p>Local: Race Village<\/p>\n<p>&nbsp;<\/p>\n<p>18 de julho &#8211; ter\u00e7a-feira<\/p>\n<p>14h \u00e0s 22h &#8211; Race Village<\/p>\n<p>Local: Pra\u00e7a das Bandeiras \u2013 Vila<\/p>\n<p>16h &#8211; Sunset com Dj Aquino<\/p>\n<p>Local: Race Village<\/p>\n<p>19h &#8211; Palestra<\/p>\n<p>Local: Race Village<\/p>\n<p>&nbsp;<\/p>\n<p>19 de julho &#8211; quarta-feira<\/p>\n<p>14h \u00e0s 22h &#8211; Race Village<\/p>\n<p>Local: Pra\u00e7a das Bandeiras \u2013 Vila<\/p>\n<p>16h &#8211; Sunset<\/p>\n<p>Local: Race Village<\/p>\n<p>19h &#8211; Palestra<\/p>\n<p>Local: Race Village<\/p>\n<p>&nbsp;<\/p>\n<p>20 de julho &#8211; quinta-feira<\/p>\n<p>14h &#8211; Race Village<\/p>\n<p>Local: Pra\u00e7a das Bandeiras \u2013 Vila<\/p>\n<p>16h &#8211; Sunset<\/p>\n<p>Local: Race Village<\/p>\n<p>19h &#8211; Palestra<\/p>\n<p>Local: Race Village<\/p>\n<p>20h &#8211; Show artista local<\/p>\n<p>Local: Centro Cultural Waldemar Belis\u00e1rio<\/p>\n<p>22h &#8211; Show musical<\/p>\n<p>Local: Centro Cultural Waldemar Belis\u00e1rio<\/p>\n<p>&nbsp;<\/p>\n<p>21 de julho &#8211; sexta-feira<\/p>\n<p>10h \u00e0s 22h &#8211; Credenciamento de Velejadores<\/p>\n<p>Local: Race Village<\/p>\n<p>14h \u00e0s 22h &#8211; Race Village<\/p>\n<p>Local: Pra\u00e7a das Bandeiras \u2013 Vila<\/p>\n<p>16h &#8211; Sunset<\/p>\n<p>Local: Race Village<\/p>\n<p>17h &#8211; Desfile de moda no P\u00eder<\/p>\n<p>Local: Race Village<\/p>\n<p>19h &#8211; Cobertura SIVI &#8211; com Kadu Biaggio &#8211; Aquecimento para a 50a SIVI<\/p>\n<p>Local: Race Village<\/p>\n<p>19h30 \u2013 Palestra<\/p>\n<p>Local: Race Village<\/p>\n<p>20h &#8211; Show Musical<\/p>\n<p>Local: Centro Cultural Waldemar Belis\u00e1rio<\/p>\n<p>22h &#8211; Show Musical<\/p>\n<p>Local: Centro Cultural Waldemar Belis\u00e1rio<\/p>\n<p>22 de julho \u2013 s\u00e1bado<\/p>\n<p>9h \u00e0s 22h &#8211; Credenciamento de Velejadores<\/p>\n<p>Local: Race Village<\/p>\n<p>13h &#8211; Regata Velas do Amanh\u00e3<\/p>\n<p>Local: YCI<\/p>\n<p>14h \u00e0s 22h &#8211; Race Village<\/p>\n<p>Local: Pra\u00e7a das Bandeiras \u2013 Vila<\/p>\n<p>16h &#8211; Sunset<\/p>\n<p>Local: Race Village<\/p>\n<p>19h &#8211; Cerim\u00f4nia de abertura &#8211; 50\u00aa SIVI<\/p>\n<p>Local: Race Village<\/p>\n<p>20h &#8211; Apresenta\u00e7\u00e3o da Banda de M\u00fasica do Corpo de Fuzileiros Navais do Comando do 8 Distrito Naval<\/p>\n<p>Local: Race Village<\/p>\n<p>20h &#8211; Show Banda local<\/p>\n<p>Local: Centro Cultural Waldemar Belis\u00e1rio<\/p>\n<p>22h &#8211; Show musical<\/p>\n<p>Local: Centro Cultural Waldemar Belis\u00e1rio<\/p>\n<p>23 de julho \u2013 Domingo<\/p>\n<p>8h \u00e0s 16h \u2013 Credenciamento<\/p>\n<p>Local: Race Village<\/p>\n<p>11h &#8211; Desfile dos barcos participantes no P\u00eder da Vila<\/p>\n<p>Local: P\u00eder da Vila<\/p>\n<p>12h &#8211; Largada das Regatas &#8211; 100 anos Atrevida: Alcatrazes por Boreste Marinha do Brasil, Toque Toque e Renato Frankenthal<\/p>\n<p>Local: P\u00eder da Vila<\/p>\n<p>14h \u00e0s 22h: Race Village<\/p>\n<p>Local: Pra\u00e7a das Bandeiras \u2013 Vila<\/p>\n<p>16h &#8211; Sunset<\/p>\n<p>Local: Race Village<\/p>\n<p>19h &#8211; Cobertura SIVI &#8211; com Kadu Biaggio &#8211; Regata de Alcatrazes<\/p>\n<p>Local: Race Village<\/p>\n<p>19h30 &#8211; Palestra<\/p>\n<p>Local: Race Village<\/p>\n<p>20h &#8211; Show banda local<\/p>\n<p>Local: Centro Cultural Waldemar Belis\u00e1rio<\/p>\n<p>22h &#8211; Show musical<\/p>\n<p>Local: Centro Cultural Waldemar Belis\u00e1rio<\/p>\n<p>&nbsp;<\/p>\n<p>24 de julho \u2013 segunda-feira<\/p>\n<p>14h \u00e0s 22h &#8211; Race Village<\/p>\n<p>Local: Pra\u00e7a das Bandeiras \u2013 Vila<\/p>\n<p>16h &#8211; Sunset<\/p>\n<p>Local: Race Village<\/p>\n<p>19h &#8211; Palestra<\/p>\n<p>Local: Race Village<\/p>\n<p>20h &#8211; Lan\u00e7amento do Filme Rota Polar &#8211; Bet\u00e3o Pandiani<\/p>\n<p>Local: Race Village<\/p>\n<p>20h &#8211; Show artista local<\/p>\n<p>Local: Centro Cultural Waldemar Belis\u00e1rio<\/p>\n<p>22h &#8211; Show musical<\/p>\n<p>Local: Centro Cultural Waldemar Belis\u00e1rio<\/p>\n<p>&nbsp;<\/p>\n<p>25 de julho \u2013 ter\u00e7a-feira<\/p>\n<p>12h &#8211; Largada da Regata Eduardo Souza Ramos<\/p>\n<p>Local: YCI<\/p>\n<p>14h \u00e0s 22h: Race Village<\/p>\n<p>Local: Pra\u00e7a das Bandeiras \u2013 Vila<\/p>\n<p>16h &#8211; Sunset<\/p>\n<p>Local: Race Village<\/p>\n<p>19h &#8211; Cobertura SIVI &#8211; com Kadu Biaggio<\/p>\n<p>Local: Race Village<\/p>\n<p>19h30 \u2013 Palestra<\/p>\n<p>Local: Race Village<\/p>\n<p>20h &#8211; Show banda local<\/p>\n<p>Local: Centro Cultural Waldemar Belis\u00e1rio<\/p>\n<p>22h &#8211; Show Musical<\/p>\n<p>Local: Centro Cultural Waldemar Belis\u00e1rio<\/p>\n<p>26 de julho \u2013 quarta-feira<\/p>\n<p>12h &#8211; Largada das Regatas do dia<\/p>\n<p>Local: YCI<\/p>\n<p>14h \u00e0s 22h &#8211; Race Village<\/p>\n<p>Local: Pra\u00e7a das Bandeiras \u2013 Vila<\/p>\n<p>16h &#8211; Sunset<\/p>\n<p>Local: Race Village<\/p>\n<p>17h &#8211; Cobertura SIVI &#8211; com Kadu Biaggio<\/p>\n<p>Local: Race Village<\/p>\n<p>17h30 &#8211; Premia\u00e7\u00e3o das Regatas -100 anos Atrevida Alcatrazes, Toque Toque e Renato Frankenthal e Premia\u00e7\u00f5es especiais do Desfile<\/p>\n<p>Local: Race Village<\/p>\n<p>19h &#8211; Exibi\u00e7\u00e3o filme Beto Pandiani &#8211; Rota Polar<\/p>\n<p>Local: Race Village<\/p>\n<p>20h &#8211; Show banda local<\/p>\n<p>Local: Centro Cultural Waldemar Belis\u00e1rio<\/p>\n<p>22h &#8211; Show musical<\/p>\n<p>Local: Centro Cultural Waldemar Belis\u00e1rio<\/p>\n<p>27 de julho \u2013 quinta-feira<\/p>\n<p>12h &#8211; Largada da Regata Mitsubishi<\/p>\n<p>Local: YCI<\/p>\n<p>14h \u00e0s 22h &#8211; Race Village<\/p>\n<p>Local: Pra\u00e7a das Bandeiras \u2013 Vila<\/p>\n<p>16h &#8211; Sunset<\/p>\n<p>Local: Race Village<\/p>\n<p>19h &#8211; Cobertura SIVI &#8211; com Kadu Biaggio<\/p>\n<p>Local: Race Village<\/p>\n<p>19h30 \u2013 Palestra<\/p>\n<p>Local: Race Village<\/p>\n<p>20h &#8211; Show banda local<\/p>\n<p>Local: Centro Cultural Waldemar Belis\u00e1rio<\/p>\n<p>22h &#8211; Show musical<\/p>\n<p>Local: Centro Cultural Waldemar Belis\u00e1rio<\/p>\n<p>28 de julho \u2013 sexta-feira<\/p>\n<p>12h &#8211; Largada das Regatas do dia<\/p>\n<p>Local: YCI<\/p>\n<p>14h \u00e0s 22h: Race Village<\/p>\n<p>Local: Pra\u00e7a das Bandeiras \u2013 Vila<\/p>\n<p>16h &#8211; Sunset<\/p>\n<p>Local: Race Village<\/p>\n<p>18h30 &#8211; Cobertura SIVI &#8211; com Kadu Biaggio<\/p>\n<p>Local: Race Village<\/p>\n<p>19h \u2013 Palestra<\/p>\n<p>Local: Race Village<\/p>\n<p>20h &#8211; Premia\u00e7\u00e3o &#8211; Regata de Equipe, Campeonato Brasileiro de C30, Campeonato Brasileiro de RGS e Classe Super 40<\/p>\n<p>Local: Race Village<\/p>\n<p>20h &#8211; Show banda local<\/p>\n<p>Local: Centro Cultural Waldemar Belis\u00e1rio<\/p>\n<p>22h: Show musical<\/p>\n<p>Local: Centro Cultural Waldemar Belis\u00e1rio<\/p>\n<p>29 de julho \u2013 s\u00e1bado<\/p>\n<p>14h \u00e0s 22h &#8211; Race Village<\/p>\n<p>Local: Race Village<\/p>\n<p>18h &#8211; Sunset<\/p>\n<p>Local: Race Village<\/p>\n<p>20h &#8211; Premia\u00e7\u00e3o da 50\u00aa Semana Internacional de Vela de Ilhabela<\/p>\n<p>Local: Race Village<\/p>\n<p>20h30 &#8211; Show banda local<\/p>\n<p>Local: Centro Cultural Waldemar Belis\u00e1rio<\/p>\n<p>22h30 &#8211; Show musical<\/p>\n<p>Local: Centro Cultural Waldemar Belis\u00e1rio<\/p>\n","protected":false},"excerpt":{"rendered":"<p>Marcello Ver\u00edssimo O artista local de Ilhabela, Boris Pereira, foi convidado para deixar sua marca na hist\u00f3ria da 50\u00aa Semana Internacional de Vela de Ilhabela. Faltando poucos dias para a abertura oficial do evento e a inaugura\u00e7\u00e3o do Race Village, um espa\u00e7o de conviv\u00eancia e atra\u00e7\u00f5es, montado na Vila, centro hist\u00f3rico, utilizando materiais sustent\u00e1veis e [&hellip;]<\/p>\n","protected":false},"author":26,"featured_media":16731,"comment_status":"open","ping_status":"open","sticky":false,"template":"","format":"standard","meta":{"footnotes":""},"categories":[2,3],"tags":[],"class_list":["post-16730","post","type-post","status-publish","format-standard","has-post-thumbnail","hentry","category-geral","category-ilhabela"],"aioseo_notices":[],"_links":{"self":[{"href":"https:\/\/lrm67.com\/index.php\/wp-json\/wp\/v2\/posts\/16730","targetHints":{"allow":["GET"]}}],"collection":[{"href":"https:\/\/lrm67.com\/index.php\/wp-json\/wp\/v2\/posts"}],"about":[{"href":"https:\/\/lrm67.com\/index.php\/wp-json\/wp\/v2\/types\/post"}],"author":[{"embeddable":true,"href":"https:\/\/lrm67.com\/index.php\/wp-json\/wp\/v2\/users\/26"}],"replies":[{"embeddable":true,"href":"https:\/\/lrm67.com\/index.php\/wp-json\/wp\/v2\/comments?post=16730"}],"version-history":[{"count":1,"href":"https:\/\/lrm67.com\/index.php\/wp-json\/wp\/v2\/posts\/16730\/revisions"}],"predecessor-version":[{"id":16732,"href":"https:\/\/lrm67.com\/index.php\/wp-json\/wp\/v2\/posts\/16730\/revisions\/16732"}],"wp:featuredmedia":[{"embeddable":true,"href":"https:\/\/lrm67.com\/index.php\/wp-json\/wp\/v2\/media\/16731"}],"wp:attachment":[{"href":"https:\/\/lrm67.com\/index.php\/wp-json\/wp\/v2\/media?parent=16730"}],"wp:term":[{"taxonomy":"category","embeddable":true,"href":"https:\/\/lrm67.com\/index.php\/wp-json\/wp\/v2\/categories?post=16730"},{"taxonomy":"post_tag","embeddable":true,"href":"https:\/\/lrm67.com\/index.php\/wp-json\/wp\/v2\/tags?post=16730"}],"curies":[{"name":"wp","href":"https:\/\/api.w.org\/{rel}","templated":true}]}}