{"id":15276,"date":"2023-05-16T11:18:41","date_gmt":"2023-05-16T14:18:41","guid":{"rendered":"https:\/\/lrm67.com\/?p=15276"},"modified":"2023-05-16T11:18:41","modified_gmt":"2023-05-16T14:18:41","slug":"grandes-empresas-puxam-a-onda-de-crises-e-quebradeiras-no-varejo-brasileiro","status":"publish","type":"post","link":"https:\/\/lrm67.com\/index.php\/2023\/05\/16\/grandes-empresas-puxam-a-onda-de-crises-e-quebradeiras-no-varejo-brasileiro\/","title":{"rendered":"Grandes empresas puxam a onda de crises e quebradeiras no varejo brasileiro"},"content":{"rendered":"<p>\u00c9 a recupera\u00e7\u00e3o judicial de uma, o pedido de fal\u00eancia de outra, tem aquela que recebeu ordem de despejo, e mais uma, que est\u00e1 reestruturando seu modelo de neg\u00f3cios. Dificilmente o consumidor brasileiro tenha testemunhado em algum outro momento uma crise t\u00e3o grave afetando tantas empresas ao mesmo tempo. Antes de 2020, uma parte do setor de varejo j\u00e1 estava com problemas financeiros, mas a pandemia da Covid-19 acabou com os planos de crescimento de v\u00e1rias companhias, enquanto criou falsas expectativas em outras, que investiram muito mais do que podiam.<\/p>\n<p>Na ind\u00fastria, dezenas de empresas est\u00e3o dando f\u00e9rias coletivas para seus funcion\u00e1rios e outras simplesmente fechando suas atividades como a Bridgestone em S\u00e3o Paulo, com a demiss\u00e3o de 600 funcion\u00e1rios e o frigor\u00edfico Big Boi, no Paran\u00e1, com a demiss\u00e3o de 800 funcion\u00e1rios, dentre outras empresas que encerraram suas atividades em v\u00e1rias regi\u00f5es do pa\u00eds e provocaram milhares de desempregos.<\/p>\n<p>Em apenas quatro meses de 2023 o n\u00famero de demiss\u00f5es de funcion\u00e1rios e encerramento de atividades \u00e9 alarmante. Veja abaixo algumas das empresas de varejo que est\u00e3o com graves problemas para continuar suas atividades no pa\u00eds:<\/p>\n<p><img fetchpriority=\"high\" decoding=\"async\" class=\"alignnone  wp-image-15278\" src=\"https:\/\/lrm67.com\/wp-content\/uploads\/2023\/05\/unidade-das-lojas-americanas-em-sao-paulo-sp-15052023173033360.jpeg\" alt=\"\" width=\"1254\" height=\"835\" srcset=\"https:\/\/lrm67.com\/wp-content\/uploads\/2023\/05\/unidade-das-lojas-americanas-em-sao-paulo-sp-15052023173033360.jpeg 631w, https:\/\/lrm67.com\/wp-content\/uploads\/2023\/05\/unidade-das-lojas-americanas-em-sao-paulo-sp-15052023173033360-300x200.jpeg 300w\" sizes=\"(max-width: 1254px) 100vw, 1254px\" \/><\/p>\n<p>A\u00a0<b><a href=\"https:\/\/noticias.r7.com\/economia\/americanas-acha-r-20-bi-em-inconsistencias-contabeis-e-presidente-deixa-cargo-11012023\">crise da Americanas, que veio a p\u00fablico em 11 de janeiro<\/a><\/b>, parece ser a maior em valores. Inicialmente, a empresa divulgou que havia encontrado inconsist\u00eancias cont\u00e1beis de R$ 20 bilh\u00f5es ligadas \u00e0 conta de fornecedores, mas logo se descobriu que o valor da d\u00edvida era o dobro. Ap\u00f3s desentendimentos com alguns credores, em 11 de abril a varejista disse que acertou com alguns bancos a suspens\u00e3o de disputas judiciais em curso.<\/p>\n<p>&nbsp;<\/p>\n<p><img decoding=\"async\" class=\"alignnone  wp-image-15279\" src=\"https:\/\/lrm67.com\/wp-content\/uploads\/2023\/05\/renner.jpg\" alt=\"\" width=\"1326\" height=\"877\" srcset=\"https:\/\/lrm67.com\/wp-content\/uploads\/2023\/05\/renner.jpg 1600w, https:\/\/lrm67.com\/wp-content\/uploads\/2023\/05\/renner-300x199.jpg 300w, https:\/\/lrm67.com\/wp-content\/uploads\/2023\/05\/renner-1024x678.jpg 1024w, https:\/\/lrm67.com\/wp-content\/uploads\/2023\/05\/renner-768x508.jpg 768w, https:\/\/lrm67.com\/wp-content\/uploads\/2023\/05\/renner-1536x1017.jpg 1536w\" sizes=\"(max-width: 1326px) 100vw, 1326px\" \/><\/p>\n<p>Gigante do varejo de moda, a\u00a0<b><a href=\"https:\/\/noticias.r7.com\/lorena\/gigante-da-moda-renner-fecha-20-lojas-nesse-primeiro-trimestre-05052023\">Renner anunciou, no in\u00edcio do m\u00eas, a decis\u00e3o de conter despesas reduzindo suas opera\u00e7\u00f5es<\/a><\/b>, com o encerramento das atividades de 20 lojas de suas marcas. No total, foram fechadas 13 lojas da Camicado, tr\u00eas da Youcom e quatro da Renner.<\/p>\n<p>&nbsp;<\/p>\n<p><img decoding=\"async\" class=\"alignnone  wp-image-15280\" src=\"https:\/\/lrm67.com\/wp-content\/uploads\/2023\/05\/marisa.jpeg\" alt=\"\" width=\"1323\" height=\"882\" srcset=\"https:\/\/lrm67.com\/wp-content\/uploads\/2023\/05\/marisa.jpeg 630w, https:\/\/lrm67.com\/wp-content\/uploads\/2023\/05\/marisa-300x200.jpeg 300w\" sizes=\"(max-width: 1323px) 100vw, 1323px\" \/><\/p>\n<p>A Lojas Marisa est\u00e1 em processo de revis\u00e3o de suas d\u00edvidas e de seu modelo de neg\u00f3cio. Na foto, a unidade que fica na rua Direita, no centro de S\u00e3o Paulo, com as portas fechadas, nesta segunda-feira (15). No \u00faltimo dia 11,\u00a0<b><a href=\"https:\/\/noticias.r7.com\/economia\/credores-pedem-falencia-da-marisa-por-divida-de-r-8827-mil-11052023\">credores da empresa pediram sua fal\u00eancia, por conta de d\u00edvidas que chegam a R$ 882,7 mi<\/a><\/b>\u00a0.<\/p>\n<p>&nbsp;<\/p>\n<p><img loading=\"lazy\" decoding=\"async\" class=\"alignnone  wp-image-15281\" src=\"https:\/\/lrm67.com\/wp-content\/uploads\/2023\/05\/loja-da-tokstok-em-sao-paulo-proxima-da-ponte-eusebio-matoso-na-zona-oeste-da-cidade-15052023173529906.jpeg\" alt=\"\" width=\"1325\" height=\"883\" srcset=\"https:\/\/lrm67.com\/wp-content\/uploads\/2023\/05\/loja-da-tokstok-em-sao-paulo-proxima-da-ponte-eusebio-matoso-na-zona-oeste-da-cidade-15052023173529906.jpeg 630w, https:\/\/lrm67.com\/wp-content\/uploads\/2023\/05\/loja-da-tokstok-em-sao-paulo-proxima-da-ponte-eusebio-matoso-na-zona-oeste-da-cidade-15052023173529906-300x200.jpeg 300w\" sizes=\"(max-width: 1325px) 100vw, 1325px\" \/><\/p>\n<p>A crise\u00a0<b><a href=\"https:\/\/noticias.r7.com\/economia\/apos-demissoes-e-fechamento-de-lojas-tokstok-deve-recorrer-a-recuperacao-judicial-15052023\">veio \u00e0 tona em fevereiro, com uma a\u00e7\u00e3o de despejo contra a Tok&amp;Stok<\/a><\/b>. Depois, em abril, a consultoria de tecnologia Domus Aurea enviou \u00e0 Justi\u00e7a pedido de fal\u00eancia contra a varejista, por ela n\u00e3o ter lhe pagado R$ 3,8 milh\u00f5es, referente a um projeto que foi suspenso. A d\u00edvida da Tok&amp;Stok \u00e9 estimada em R$ 600 milh\u00f5es.<\/p>\n<p>&nbsp;<\/p>\n<p><img loading=\"lazy\" decoding=\"async\" class=\"alignnone  wp-image-15282\" src=\"https:\/\/lrm67.com\/wp-content\/uploads\/2023\/05\/itaipava.jpeg\" alt=\"\" width=\"1325\" height=\"883\" srcset=\"https:\/\/lrm67.com\/wp-content\/uploads\/2023\/05\/itaipava.jpeg 630w, https:\/\/lrm67.com\/wp-content\/uploads\/2023\/05\/itaipava-300x200.jpeg 300w\" sizes=\"(max-width: 1325px) 100vw, 1325px\" \/><\/p>\n<p>Em 13 de abril, Justi\u00e7a do Rio de Janeiro aceitou o<b><a href=\"https:\/\/noticias.r7.com\/economia\/justica-do-rio-aceita-pedido-de-recuperacao-judicial-da-cervejaria-petropolis-dona-da-itaipava-14042023\">\u00a0pedido de recupera\u00e7\u00e3o judicial do Grupo Petr\u00f3polis, dono das marcas de cerveja Itaipava, Crystal e Petra<\/a><\/b>, que havia feito essa solicita\u00e7\u00e3o em 27 de mar\u00e7o. Naquele m\u00eas, as d\u00edvidas estavam estimadas em R$ 4,2 bilh\u00f5es.<\/p>\n<p>&nbsp;<\/p>\n<p><img loading=\"lazy\" decoding=\"async\" class=\"alignnone  wp-image-15283\" src=\"https:\/\/lrm67.com\/wp-content\/uploads\/2023\/05\/unidade-da-centauro-loja-de-artigos-esportivos-15052023181426069.jpeg\" alt=\"\" width=\"1327\" height=\"757\" srcset=\"https:\/\/lrm67.com\/wp-content\/uploads\/2023\/05\/unidade-da-centauro-loja-de-artigos-esportivos-15052023181426069.jpeg 736w, https:\/\/lrm67.com\/wp-content\/uploads\/2023\/05\/unidade-da-centauro-loja-de-artigos-esportivos-15052023181426069-300x171.jpeg 300w\" sizes=\"(max-width: 1327px) 100vw, 1327px\" \/><\/p>\n<p>A\u00a0<b>rede de lojas de artigos esportivos Centauro<\/b>\u00a0fechou dez unidades em janeiro, com o objetivo de reduzir as despesas e aumentar seus lucros. A decis\u00e3o foi anunciada como uma resposta ao atual contexto econ\u00f4mico.<\/p>\n<p>&nbsp;<\/p>\n<pre>Fonte: Portal R7<\/pre>\n<p>&nbsp;<\/p>\n<p>&nbsp;<\/p>\n","protected":false},"excerpt":{"rendered":"<p>\u00c9 a recupera\u00e7\u00e3o judicial de uma, o pedido de fal\u00eancia de outra, tem aquela que recebeu ordem de despejo, e mais uma, que est\u00e1 reestruturando seu modelo de neg\u00f3cios. Dificilmente o consumidor brasileiro tenha testemunhado em algum outro momento uma crise t\u00e3o grave afetando tantas empresas ao mesmo tempo. Antes de 2020, uma parte do [&hellip;]<\/p>\n","protected":false},"author":26,"featured_media":15277,"comment_status":"open","ping_status":"open","sticky":false,"template":"","format":"standard","meta":{"footnotes":""},"categories":[44,4,2],"tags":[],"class_list":["post-15276","post","type-post","status-publish","format-standard","has-post-thumbnail","hentry","category-brasil","category-economia","category-geral"],"aioseo_notices":[],"_links":{"self":[{"href":"https:\/\/lrm67.com\/index.php\/wp-json\/wp\/v2\/posts\/15276","targetHints":{"allow":["GET"]}}],"collection":[{"href":"https:\/\/lrm67.com\/index.php\/wp-json\/wp\/v2\/posts"}],"about":[{"href":"https:\/\/lrm67.com\/index.php\/wp-json\/wp\/v2\/types\/post"}],"author":[{"embeddable":true,"href":"https:\/\/lrm67.com\/index.php\/wp-json\/wp\/v2\/users\/26"}],"replies":[{"embeddable":true,"href":"https:\/\/lrm67.com\/index.php\/wp-json\/wp\/v2\/comments?post=15276"}],"version-history":[{"count":1,"href":"https:\/\/lrm67.com\/index.php\/wp-json\/wp\/v2\/posts\/15276\/revisions"}],"predecessor-version":[{"id":15284,"href":"https:\/\/lrm67.com\/index.php\/wp-json\/wp\/v2\/posts\/15276\/revisions\/15284"}],"wp:featuredmedia":[{"embeddable":true,"href":"https:\/\/lrm67.com\/index.php\/wp-json\/wp\/v2\/media\/15277"}],"wp:attachment":[{"href":"https:\/\/lrm67.com\/index.php\/wp-json\/wp\/v2\/media?parent=15276"}],"wp:term":[{"taxonomy":"category","embeddable":true,"href":"https:\/\/lrm67.com\/index.php\/wp-json\/wp\/v2\/categories?post=15276"},{"taxonomy":"post_tag","embeddable":true,"href":"https:\/\/lrm67.com\/index.php\/wp-json\/wp\/v2\/tags?post=15276"}],"curies":[{"name":"wp","href":"https:\/\/api.w.org\/{rel}","templated":true}]}}