{"id":12032,"date":"2023-01-31T12:40:52","date_gmt":"2023-01-31T15:40:52","guid":{"rendered":"https:\/\/lrm67.com\/?p=12032"},"modified":"2023-01-31T12:40:52","modified_gmt":"2023-01-31T15:40:52","slug":"revisao-do-plano-diretor-sera-discutido-em-duas-audiencias-publicas","status":"publish","type":"post","link":"https:\/\/lrm67.com\/index.php\/2023\/01\/31\/revisao-do-plano-diretor-sera-discutido-em-duas-audiencias-publicas\/","title":{"rendered":"Revis\u00e3o do Plano Diretor ser\u00e1 discutido em duas audi\u00eancias p\u00fablicas"},"content":{"rendered":"<p>A C\u00e2mara Municipal de Caraguatatuba realizar\u00e1 nos dias 08 de fevereiro e 15 de mar\u00e7o, \u00e0s 18h, em seu plen\u00e1rio, as audi\u00eancias p\u00fablicas para explana\u00e7\u00e3o e debate do projeto de lei complementar 01\/21, do Poder Executivo, que altera dispositivos da Lei Complementar n\u00ba 42, de 24 de novembro de 2011 (PLANO DIRETOR MUNICIPAL) e d\u00e1 outras provid\u00eancias.<\/p>\n<p>A propositura tem como objetivo revisar e adequar o Plano Diretor ao Zoneamento Ecol\u00f3gico Econ\u00f4mico do munic\u00edpio. Servidores da Prefeitura estar\u00e3o presentes para dar maiores informa\u00e7\u00f5es sobre o projeto e tirar as d\u00favidas dos vereadores e da popula\u00e7\u00e3o.<\/p>\n<p>Desde o final de 2022, o Poder Legislativo Municipal tem feito ampla divulga\u00e7\u00e3o das audi\u00eancias p\u00fablicas, que foram marcadas antes do recesso parlamentar, em dezembro.<\/p>\n<p>Todos os mun\u00edcipes poder\u00e3o participar de forma presencial ou online, enviando suas perguntas atrav\u00e9s dos canais oficiais da C\u00e2mara. No site:\u00a0<a href=\"http:\/\/www.camaracaragua.sp.gov.br\/\" target=\"_blank\" rel=\"noopener\" data-saferedirecturl=\"https:\/\/www.google.com\/url?q=http:\/\/www.camaracaragua.sp.gov.br&amp;source=gmail&amp;ust=1675265754183000&amp;usg=AOvVaw2rVES9qZkCcCyFbJNXF_ln\">www.camaracaragua.sp.gov.br<\/a>, voc\u00ea poder\u00e1 conferir o projeto na \u00edntegra.<\/p>\n","protected":false},"excerpt":{"rendered":"<p>A C\u00e2mara Municipal de Caraguatatuba realizar\u00e1 nos dias 08 de fevereiro e 15 de mar\u00e7o, \u00e0s 18h, em seu plen\u00e1rio, as audi\u00eancias p\u00fablicas para explana\u00e7\u00e3o e debate do projeto de lei complementar 01\/21, do Poder Executivo, que altera dispositivos da Lei Complementar n\u00ba 42, de 24 de novembro de 2011 (PLANO DIRETOR MUNICIPAL) e d\u00e1 [&hellip;]<\/p>\n","protected":false},"author":26,"featured_media":12033,"comment_status":"open","ping_status":"open","sticky":false,"template":"","format":"standard","meta":{"footnotes":""},"categories":[8,16],"tags":[],"class_list":["post-12032","post","type-post","status-publish","format-standard","has-post-thumbnail","hentry","category-caraguatatuba","category-politica"],"aioseo_notices":[],"_links":{"self":[{"href":"https:\/\/lrm67.com\/index.php\/wp-json\/wp\/v2\/posts\/12032","targetHints":{"allow":["GET"]}}],"collection":[{"href":"https:\/\/lrm67.com\/index.php\/wp-json\/wp\/v2\/posts"}],"about":[{"href":"https:\/\/lrm67.com\/index.php\/wp-json\/wp\/v2\/types\/post"}],"author":[{"embeddable":true,"href":"https:\/\/lrm67.com\/index.php\/wp-json\/wp\/v2\/users\/26"}],"replies":[{"embeddable":true,"href":"https:\/\/lrm67.com\/index.php\/wp-json\/wp\/v2\/comments?post=12032"}],"version-history":[{"count":1,"href":"https:\/\/lrm67.com\/index.php\/wp-json\/wp\/v2\/posts\/12032\/revisions"}],"predecessor-version":[{"id":12034,"href":"https:\/\/lrm67.com\/index.php\/wp-json\/wp\/v2\/posts\/12032\/revisions\/12034"}],"wp:featuredmedia":[{"embeddable":true,"href":"https:\/\/lrm67.com\/index.php\/wp-json\/wp\/v2\/media\/12033"}],"wp:attachment":[{"href":"https:\/\/lrm67.com\/index.php\/wp-json\/wp\/v2\/media?parent=12032"}],"wp:term":[{"taxonomy":"category","embeddable":true,"href":"https:\/\/lrm67.com\/index.php\/wp-json\/wp\/v2\/categories?post=12032"},{"taxonomy":"post_tag","embeddable":true,"href":"https:\/\/lrm67.com\/index.php\/wp-json\/wp\/v2\/tags?post=12032"}],"curies":[{"name":"wp","href":"https:\/\/api.w.org\/{rel}","templated":true}]}}