{"id":1117,"date":"2022-02-11T14:59:04","date_gmt":"2022-02-11T17:59:04","guid":{"rendered":"https:\/\/lrm67.com\/?p=1117"},"modified":"2022-02-11T14:59:04","modified_gmt":"2022-02-11T17:59:04","slug":"centenario-da-semana-de-arte-moderna-comissao-setorial-de-artes-plasticas-realiza-exposicao-comemorativa","status":"publish","type":"post","link":"https:\/\/lrm67.com\/index.php\/2022\/02\/11\/centenario-da-semana-de-arte-moderna-comissao-setorial-de-artes-plasticas-realiza-exposicao-comemorativa\/","title":{"rendered":"Centen\u00e1rio da Semana de Arte Moderna: Comiss\u00e3o Setorial de Artes Pl\u00e1sticas realiza exposi\u00e7\u00e3o comemorativa"},"content":{"rendered":"<p style=\"font-weight: 400;\">Em comemora\u00e7\u00e3o ao centen\u00e1rio da Semana de Arte Moderna, que ocorreu na cidade de S\u00e3o Paulo entre os dias 13 e 17 de fevereiro de 1922, a Comiss\u00e3o Municipal Setorial de Artes Pl\u00e1sticas da Fundacc \u2013 Funda\u00e7\u00e3o Educacional e Cultural de Caraguatatuba realiza uma exposi\u00e7\u00e3o comemorativa com artistas e artes\u00e3os regionais.<\/p>\n<p style=\"font-weight: 400;\">Com atividades pedag\u00f3gicas, muita arte e poesia modernista, a &#8216;Mostra em Comemora\u00e7\u00e3o ao Centen\u00e1rio da Semana de Arte Moderna\u2019 tem abertura na sexta-feira (11), com apresenta\u00e7\u00e3o musical de Rodrigo Bicudo, \u00e0s 18h. A exposi\u00e7\u00e3o pode ser visitada de ter\u00e7a a domingo, das 17h \u00e0s 22h, no Espa\u00e7o Paulo Mott at\u00e9 o dia 13 de mar\u00e7o.<\/p>\n<p style=\"font-weight: 400;\">Ao todo, estar\u00e3o em exposi\u00e7\u00e3o ao p\u00fablico mais de 100 obras, que variam entre telas, esculturas, pe\u00e7as em cer\u00e2mica e pe\u00e7as artesanais ind\u00edgenas, produzidas especialmente para a ocasi\u00e3o, como \u00e9 o caso da arte para divulga\u00e7\u00e3o do evento que foi produzida pelo artista Branco Peretti, que realizou uma releitura de obras famosas apresentadas na \u2018Semana de 22\u2019.<\/p>\n<p style=\"font-weight: 400;\">Para os membros da comiss\u00e3o setorial, \u201ca import\u00e2ncia deste centen\u00e1rio \u00e9 uma reflex\u00e3o atual desta nossa identidade, da nossa arte. Uma afirma\u00e7\u00e3o de tratados e culturas dos quais somos herdeiros\u201d.<\/p>\n<p style=\"font-weight: 400;\">\u201cO que representou a semana de arte moderna para o cen\u00e1rio art\u00edstico brasileiro? O nascimento de uma arte brasileira, com as nossas cores e com nossos anseios, em um pa\u00eds que come\u00e7ava a afirmar sua identidade, composta de diferentes etnias, o modernismo nos trouxe nossa ancestralidade, nossa ess\u00eancia de pa\u00eds, a antropofagia cultural. O que hoje nos diz a grande pergunta de Oswald? Tupi or not tupi? Quem somos n\u00f3s enquanto pa\u00eds colonizado? Estas e outras perguntas tentamos refletir nesta mostra\u201d, conclu\u00edram.<\/p>\n<p style=\"font-weight: 400;\">Participam da exposi\u00e7\u00e3o os artistas pl\u00e1sticos Carla Terra, Alfeo Croce, Arnaldo Passos, Darcy Apolin\u00e1rio de Oliveira, David Machado, Fernando Humberto Martinez Fuentes, Fl\u00e1via Alves, Georgete Rodrigues da Silva, L\u00e9o Albaca, Luiz Cl\u00e1udio Malta Teixeira, Manuela Navas, M\u00e1rio Carlos Filho, M\u00edriam Conocchia, Rachel Pontes e Branco Peretti, com a participa\u00e7\u00e3o especial da Aldeia Renascer de Ubatuba.<\/p>\n<p style=\"font-weight: 400;\">Aqueles que queiram marcar visitas t\u00e9cnicas para escolas, projetos e afins, podem entrar em contato com M\u00edriam Conocchia e Carla Terra pelo n\u00famero (12) 98110-3025 ou pelo e-mail:\u00a0<a href=\"mailto:comissaosetorialdeartes@gmail.com\">comissaosetorialdeartes@gmail.com<\/a>.<\/p>\n","protected":false},"excerpt":{"rendered":"<p>Em comemora\u00e7\u00e3o ao centen\u00e1rio da Semana de Arte Moderna, que ocorreu na cidade de S\u00e3o Paulo entre os dias 13 e 17 de fevereiro de 1922, a Comiss\u00e3o Municipal Setorial de Artes Pl\u00e1sticas da Fundacc \u2013 Funda\u00e7\u00e3o Educacional e Cultural de Caraguatatuba realiza uma exposi\u00e7\u00e3o comemorativa com artistas e artes\u00e3os regionais. Com atividades pedag\u00f3gicas, muita [&hellip;]<\/p>\n","protected":false},"author":26,"featured_media":1118,"comment_status":"open","ping_status":"open","sticky":false,"template":"","format":"standard","meta":{"footnotes":""},"categories":[7],"tags":[],"class_list":["post-1117","post","type-post","status-publish","format-standard","has-post-thumbnail","hentry","category-destaque"],"aioseo_notices":[],"_links":{"self":[{"href":"https:\/\/lrm67.com\/index.php\/wp-json\/wp\/v2\/posts\/1117","targetHints":{"allow":["GET"]}}],"collection":[{"href":"https:\/\/lrm67.com\/index.php\/wp-json\/wp\/v2\/posts"}],"about":[{"href":"https:\/\/lrm67.com\/index.php\/wp-json\/wp\/v2\/types\/post"}],"author":[{"embeddable":true,"href":"https:\/\/lrm67.com\/index.php\/wp-json\/wp\/v2\/users\/26"}],"replies":[{"embeddable":true,"href":"https:\/\/lrm67.com\/index.php\/wp-json\/wp\/v2\/comments?post=1117"}],"version-history":[{"count":1,"href":"https:\/\/lrm67.com\/index.php\/wp-json\/wp\/v2\/posts\/1117\/revisions"}],"predecessor-version":[{"id":1119,"href":"https:\/\/lrm67.com\/index.php\/wp-json\/wp\/v2\/posts\/1117\/revisions\/1119"}],"wp:featuredmedia":[{"embeddable":true,"href":"https:\/\/lrm67.com\/index.php\/wp-json\/wp\/v2\/media\/1118"}],"wp:attachment":[{"href":"https:\/\/lrm67.com\/index.php\/wp-json\/wp\/v2\/media?parent=1117"}],"wp:term":[{"taxonomy":"category","embeddable":true,"href":"https:\/\/lrm67.com\/index.php\/wp-json\/wp\/v2\/categories?post=1117"},{"taxonomy":"post_tag","embeddable":true,"href":"https:\/\/lrm67.com\/index.php\/wp-json\/wp\/v2\/tags?post=1117"}],"curies":[{"name":"wp","href":"https:\/\/api.w.org\/{rel}","templated":true}]}}