{"id":10487,"date":"2022-12-13T12:30:20","date_gmt":"2022-12-13T15:30:20","guid":{"rendered":"https:\/\/lrm67.com\/?p=10487"},"modified":"2022-12-13T12:30:20","modified_gmt":"2022-12-13T15:30:20","slug":"morre-fundador-da-comunidade-catolica-cancao-nova","status":"publish","type":"post","link":"https:\/\/lrm67.com\/index.php\/2022\/12\/13\/morre-fundador-da-comunidade-catolica-cancao-nova\/","title":{"rendered":"Morre fundador da comunidade cat\u00f3lica Can\u00e7\u00e3o Nova"},"content":{"rendered":"<p>Morreu na noite de\u00a0ontem\u00a0(12) o fundador da comunidade cat\u00f3lica Can\u00e7\u00e3o Nova, monsenhor Jonas Abib. Ele tinha 85 anos e estava em tratamento quimioter\u00e1pico de um mieloma m\u00faltiplo desde maio de 2021. A causa da morte foi insufici\u00eancia respirat\u00f3ria por broncoaspira\u00e7\u00e3o e disfagia motora. Ele faleceu em sua casa em Cachoeira Paulista, interior de S\u00e3o Paulo. O vel\u00f3rio come\u00e7a\u00a0hoje\u00a0(13) e segue at\u00e9\u00a0quinta-feira (15), na Can\u00e7\u00e3o Nova em Cachoeira Paulista.<img decoding=\"async\" src=\"https:\/\/agenciabrasil.ebc.com.br\/ebc.png?id=1498218&amp;o=node\" \/><img decoding=\"async\" src=\"https:\/\/agenciabrasil.ebc.com.br\/ebc.gif?id=1498218&amp;o=node\" \/><\/p>\n<p>Natural de Elias Fausto (SP), o padre Jonas Abib foi\u00a0um dos religiosos que se destacaram\u00a0em a\u00e7\u00e3o evangelizadora da Igreja Cat\u00f3lica na Am\u00e9rica Latina, utilizando os meios de comunica\u00e7\u00e3o social e na realiza\u00e7\u00e3o de grandes eventos de evangeliza\u00e7\u00e3o. Ele nasceu no dia\u00a021 de dezembro\u00a0de 1936. Foi ordenado sacerdote em 1964, com o lema: \u201cFeito tudo, para todos\u201d, e fundou a comunidade Can\u00e7\u00e3o Nova no dia\u00a02 de fevereiro\u00a0de 1978.<\/p>\n<h2>Nota de pesar<\/h2>\n<p>O governador de S\u00e3o Paulo, Rodrigo Garcia, lamentou o falecimento e disse que o l\u00edder religioso era um esp\u00edrito iluminado, um vision\u00e1rio que levou a palavra do Senhor a milh\u00f5es de paulistas. Destacou seu trabalho de evangeliza\u00e7\u00e3o ao criar a maior rede de comunica\u00e7\u00e3o da Igreja Cat\u00f3lica no Brasil, al\u00e9m das miss\u00f5es de propaga\u00e7\u00e3o da f\u00e9 em outros pa\u00edses. \u201cCompartilho com todos os fi\u00e9is da Can\u00e7\u00e3o Nova a admira\u00e7\u00e3o e o respeito pela obra do monsenhor Jonas Abib. Devemos nos confortar com a certeza de que sua alma imortal est\u00e1 com Cristo\u201d, afirmou Garcia em nota.<\/p>\n","protected":false},"excerpt":{"rendered":"<p>Morreu na noite de\u00a0ontem\u00a0(12) o fundador da comunidade cat\u00f3lica Can\u00e7\u00e3o Nova, monsenhor Jonas Abib. Ele tinha 85 anos e estava em tratamento quimioter\u00e1pico de um mieloma m\u00faltiplo desde maio de 2021. A causa da morte foi insufici\u00eancia respirat\u00f3ria por broncoaspira\u00e7\u00e3o e disfagia motora. Ele faleceu em sua casa em Cachoeira Paulista, interior de S\u00e3o Paulo. [&hellip;]<\/p>\n","protected":false},"author":26,"featured_media":10488,"comment_status":"open","ping_status":"open","sticky":false,"template":"","format":"standard","meta":{"footnotes":""},"categories":[44,2],"tags":[],"class_list":["post-10487","post","type-post","status-publish","format-standard","has-post-thumbnail","hentry","category-brasil","category-geral"],"aioseo_notices":[],"_links":{"self":[{"href":"https:\/\/lrm67.com\/index.php\/wp-json\/wp\/v2\/posts\/10487","targetHints":{"allow":["GET"]}}],"collection":[{"href":"https:\/\/lrm67.com\/index.php\/wp-json\/wp\/v2\/posts"}],"about":[{"href":"https:\/\/lrm67.com\/index.php\/wp-json\/wp\/v2\/types\/post"}],"author":[{"embeddable":true,"href":"https:\/\/lrm67.com\/index.php\/wp-json\/wp\/v2\/users\/26"}],"replies":[{"embeddable":true,"href":"https:\/\/lrm67.com\/index.php\/wp-json\/wp\/v2\/comments?post=10487"}],"version-history":[{"count":1,"href":"https:\/\/lrm67.com\/index.php\/wp-json\/wp\/v2\/posts\/10487\/revisions"}],"predecessor-version":[{"id":10489,"href":"https:\/\/lrm67.com\/index.php\/wp-json\/wp\/v2\/posts\/10487\/revisions\/10489"}],"wp:featuredmedia":[{"embeddable":true,"href":"https:\/\/lrm67.com\/index.php\/wp-json\/wp\/v2\/media\/10488"}],"wp:attachment":[{"href":"https:\/\/lrm67.com\/index.php\/wp-json\/wp\/v2\/media?parent=10487"}],"wp:term":[{"taxonomy":"category","embeddable":true,"href":"https:\/\/lrm67.com\/index.php\/wp-json\/wp\/v2\/categories?post=10487"},{"taxonomy":"post_tag","embeddable":true,"href":"https:\/\/lrm67.com\/index.php\/wp-json\/wp\/v2\/tags?post=10487"}],"curies":[{"name":"wp","href":"https:\/\/api.w.org\/{rel}","templated":true}]}}