{"id":10483,"date":"2022-12-13T11:51:31","date_gmt":"2022-12-13T14:51:31","guid":{"rendered":"https:\/\/lrm67.com\/?p=10483"},"modified":"2022-12-13T11:51:31","modified_gmt":"2022-12-13T14:51:31","slug":"prefeitura-realiza-festa-de-confraternizacao-de-fim-de-ano-para-idosos-e-pessoas-com-deficiencia","status":"publish","type":"post","link":"https:\/\/lrm67.com\/index.php\/2022\/12\/13\/prefeitura-realiza-festa-de-confraternizacao-de-fim-de-ano-para-idosos-e-pessoas-com-deficiencia\/","title":{"rendered":"Prefeitura realiza festa de confraterniza\u00e7\u00e3o de fim de ano para idosos e pessoas com defici\u00eancia"},"content":{"rendered":"<p style=\"font-weight: 400;\">A Prefeitura de S\u00e3o Sebasti\u00e3o, por meio da Secretaria da Pessoa com Defici\u00eancia e do Idoso (SEPEDI) realizou, na sexta-feira (09), \u00e0s 19h, no sal\u00e3o paroquial da Igreja Santa Cruz, no bairro Pontal da Cruz, a festa de confraterniza\u00e7\u00e3o de fim de ano, voltada \u00e0s pessoas com defici\u00eancia (PcD) e idosos.<\/p>\n<p style=\"font-weight: 400;\">Participaram\u00a0 da festa 220 pessoas que integram as atividades descentralizadas da SEPEDI, realizadas em v\u00e1rios bairros, da Costa Norte \u00e0 Costa Sul, com apoio das secretarias de Educa\u00e7\u00e3o (SEDUC), Secretaria de Desenvolvimento Econ\u00f4mico e Social (SEDES), Esporte (SEESP), Funda\u00e7\u00e3o Educacional e Cultural de S\u00e3o Sebasti\u00e3o Deodato Sant&#8217;Anna (FUNDASS) e associa\u00e7\u00f5es de bairros; e tamb\u00e9m as parcerias com o Centro de Conviv\u00eancia da Terceira Idade (CCTI) Polvo, do Porto Grande; CCTI do Pontal da Cruz; Associa\u00e7\u00e3o Integra (composta por pessoas com transtorno do espectro autista e seus familiares), CAPS 1 (Centro de Aten\u00e7\u00e3o Psicossocial), Centro de Reabilita\u00e7\u00e3o e APAE (Associa\u00e7\u00e3o de Pais e Amigos dos Excepcionais).<\/p>\n<p style=\"font-weight: 400;\">Al\u00e9m do baile de encerramento, foram realizadas apresenta\u00e7\u00f5es de dan\u00e7a, de sanfona, m\u00fasica ao vivo, coquetel e sorteio de brindes oferecidos pelo Fundo Social e comerciantes locais, como almo\u00e7os, massagens, presentes, entre outros.<\/p>\n<p style=\"font-weight: 400;\">A SEDES, a SEDUC e SESEP ofereceram transporte para os idosos e PcDs das regi\u00f5es norte e sul. A Par\u00f3quia Santa Cruz apoiou o evento.<\/p>\n<p style=\"font-weight: 400;\">Prestigiaram a festa: Felipe Augusto (prefeito), Francisco das Chagas Almeida (secret\u00e1rio da SEPEDI), diretores das pol\u00edticas p\u00fablicas das PCDs e Pessoa Idosa, e o padre Andr\u00e9 Beguini Vilela, p\u00e1roco da Igreja Santa Cruz.<\/p>\n","protected":false},"excerpt":{"rendered":"<p>A Prefeitura de S\u00e3o Sebasti\u00e3o, por meio da Secretaria da Pessoa com Defici\u00eancia e do Idoso (SEPEDI) realizou, na sexta-feira (09), \u00e0s 19h, no sal\u00e3o paroquial da Igreja Santa Cruz, no bairro Pontal da Cruz, a festa de confraterniza\u00e7\u00e3o de fim de ano, voltada \u00e0s pessoas com defici\u00eancia (PcD) e idosos. Participaram\u00a0 da festa 220 [&hellip;]<\/p>\n","protected":false},"author":26,"featured_media":10484,"comment_status":"open","ping_status":"open","sticky":false,"template":"","format":"standard","meta":{"footnotes":""},"categories":[2,13],"tags":[],"class_list":["post-10483","post","type-post","status-publish","format-standard","has-post-thumbnail","hentry","category-geral","category-sao-sebastiao"],"aioseo_notices":[],"_links":{"self":[{"href":"https:\/\/lrm67.com\/index.php\/wp-json\/wp\/v2\/posts\/10483","targetHints":{"allow":["GET"]}}],"collection":[{"href":"https:\/\/lrm67.com\/index.php\/wp-json\/wp\/v2\/posts"}],"about":[{"href":"https:\/\/lrm67.com\/index.php\/wp-json\/wp\/v2\/types\/post"}],"author":[{"embeddable":true,"href":"https:\/\/lrm67.com\/index.php\/wp-json\/wp\/v2\/users\/26"}],"replies":[{"embeddable":true,"href":"https:\/\/lrm67.com\/index.php\/wp-json\/wp\/v2\/comments?post=10483"}],"version-history":[{"count":1,"href":"https:\/\/lrm67.com\/index.php\/wp-json\/wp\/v2\/posts\/10483\/revisions"}],"predecessor-version":[{"id":10485,"href":"https:\/\/lrm67.com\/index.php\/wp-json\/wp\/v2\/posts\/10483\/revisions\/10485"}],"wp:featuredmedia":[{"embeddable":true,"href":"https:\/\/lrm67.com\/index.php\/wp-json\/wp\/v2\/media\/10484"}],"wp:attachment":[{"href":"https:\/\/lrm67.com\/index.php\/wp-json\/wp\/v2\/media?parent=10483"}],"wp:term":[{"taxonomy":"category","embeddable":true,"href":"https:\/\/lrm67.com\/index.php\/wp-json\/wp\/v2\/categories?post=10483"},{"taxonomy":"post_tag","embeddable":true,"href":"https:\/\/lrm67.com\/index.php\/wp-json\/wp\/v2\/tags?post=10483"}],"curies":[{"name":"wp","href":"https:\/\/api.w.org\/{rel}","templated":true}]}}