{"id":10480,"date":"2022-12-13T11:50:36","date_gmt":"2022-12-13T14:50:36","guid":{"rendered":"https:\/\/lrm67.com\/?p=10480"},"modified":"2022-12-13T11:50:36","modified_gmt":"2022-12-13T14:50:36","slug":"prefeitura-entrega-certificados-a-alunos-dos-cursos-realizados-pela-escola-de-governo-e-gestao-em-2022","status":"publish","type":"post","link":"https:\/\/lrm67.com\/index.php\/2022\/12\/13\/prefeitura-entrega-certificados-a-alunos-dos-cursos-realizados-pela-escola-de-governo-e-gestao-em-2022\/","title":{"rendered":"Prefeitura entrega certificados a alunos dos cursos realizados pela Escola de Governo e Gest\u00e3o em 2022"},"content":{"rendered":"<p style=\"font-weight: 400;\">A Prefeitura de S\u00e3o Sebasti\u00e3o, por meio da Secretaria de Planejamento (SEPLAN) e Escola de Governo e Gest\u00e3o, realizar\u00e1, no dia 15 de dezembro, a entrega de certificados aos alunos dos cursos desenvolvidos em 2022.<\/p>\n<p style=\"font-weight: 400;\">Ser\u00e3o entregues, no Teatro Municipal, das 09h \u00e0s 12h, cerca de 300 certificados aos formandos dos cursos disponibilizados ao longo deste ano, em parcerias com institui\u00e7\u00f5es como Escola Superior de Advocacia (ESA), \u00f3rg\u00e3o ligado \u00e0 OAB-SP; Governo Federal, atrav\u00e9s do Projeto Escola Federativa e FATEC S\u00e3o Sebasti\u00e3o.<\/p>\n<p style=\"font-weight: 400;\">Em 2022, foram mais de 1100 vagas de capacita\u00e7\u00e3o disponibilizadas, com mais de 500 certificados gerados, abrangendo temas como: Direito, Atendimento ao P\u00fablico, Finan\u00e7as P\u00fablicas, Administra\u00e7\u00e3o P\u00fablica, Desenvolvimento Pessoal, etc. Os cursos foram realizados em formatos presencial e \u00e0 dist\u00e2ncia.<\/p>\n<p style=\"font-weight: 400;\">\n<p style=\"font-weight: 400;\"><strong>Escola<\/strong><\/p>\n<p style=\"font-weight: 400;\">A Escola de Governo e Gest\u00e3o foi criada por meio da Lei Municipal n.\u00ba 2.568 de 4 de julho de 2018 e tem como objetivo a busca pela excel\u00eancia da Gest\u00e3o P\u00fablica, ou seja, tem o intuito de planejar, coordenar, organizar, acompanhar e avaliar atividades relacionadas com a capacita\u00e7\u00e3o profissional dos servidores p\u00fablicos municipais, compreendendo em um grande Programa de Forma\u00e7\u00e3o Profissional e melhoria da qualidade dos servi\u00e7os prestados \u00e0 comunidade.<\/p>\n","protected":false},"excerpt":{"rendered":"<p>A Prefeitura de S\u00e3o Sebasti\u00e3o, por meio da Secretaria de Planejamento (SEPLAN) e Escola de Governo e Gest\u00e3o, realizar\u00e1, no dia 15 de dezembro, a entrega de certificados aos alunos dos cursos desenvolvidos em 2022. Ser\u00e3o entregues, no Teatro Municipal, das 09h \u00e0s 12h, cerca de 300 certificados aos formandos dos cursos disponibilizados ao longo [&hellip;]<\/p>\n","protected":false},"author":26,"featured_media":10481,"comment_status":"open","ping_status":"open","sticky":false,"template":"","format":"standard","meta":{"footnotes":""},"categories":[19,2,13],"tags":[],"class_list":["post-10480","post","type-post","status-publish","format-standard","has-post-thumbnail","hentry","category-educacao","category-geral","category-sao-sebastiao"],"aioseo_notices":[],"_links":{"self":[{"href":"https:\/\/lrm67.com\/index.php\/wp-json\/wp\/v2\/posts\/10480","targetHints":{"allow":["GET"]}}],"collection":[{"href":"https:\/\/lrm67.com\/index.php\/wp-json\/wp\/v2\/posts"}],"about":[{"href":"https:\/\/lrm67.com\/index.php\/wp-json\/wp\/v2\/types\/post"}],"author":[{"embeddable":true,"href":"https:\/\/lrm67.com\/index.php\/wp-json\/wp\/v2\/users\/26"}],"replies":[{"embeddable":true,"href":"https:\/\/lrm67.com\/index.php\/wp-json\/wp\/v2\/comments?post=10480"}],"version-history":[{"count":1,"href":"https:\/\/lrm67.com\/index.php\/wp-json\/wp\/v2\/posts\/10480\/revisions"}],"predecessor-version":[{"id":10482,"href":"https:\/\/lrm67.com\/index.php\/wp-json\/wp\/v2\/posts\/10480\/revisions\/10482"}],"wp:featuredmedia":[{"embeddable":true,"href":"https:\/\/lrm67.com\/index.php\/wp-json\/wp\/v2\/media\/10481"}],"wp:attachment":[{"href":"https:\/\/lrm67.com\/index.php\/wp-json\/wp\/v2\/media?parent=10480"}],"wp:term":[{"taxonomy":"category","embeddable":true,"href":"https:\/\/lrm67.com\/index.php\/wp-json\/wp\/v2\/categories?post=10480"},{"taxonomy":"post_tag","embeddable":true,"href":"https:\/\/lrm67.com\/index.php\/wp-json\/wp\/v2\/tags?post=10480"}],"curies":[{"name":"wp","href":"https:\/\/api.w.org\/{rel}","templated":true}]}}