{"id":10477,"date":"2022-12-13T11:48:41","date_gmt":"2022-12-13T14:48:41","guid":{"rendered":"https:\/\/lrm67.com\/?p=10477"},"modified":"2022-12-13T11:48:41","modified_gmt":"2022-12-13T14:48:41","slug":"defesa-civil-de-sao-sebaso-atende-ocorrencias-devido-a-chuva","status":"publish","type":"post","link":"https:\/\/lrm67.com\/index.php\/2022\/12\/13\/defesa-civil-de-sao-sebaso-atende-ocorrencias-devido-a-chuva\/","title":{"rendered":"Defesa Civil de S\u00e3o Sebasti\u00e3o atende ocorr\u00eancias devido \u00e0 chuva"},"content":{"rendered":"<p style=\"font-weight: 400;\">Nesta segunda (12) e ter\u00e7a-feira (13), a Prefeitura de S\u00e3o Sebasti\u00e3o, por meio da Defesa Civil,\u00a0vinculada \u00e0 Secretaria de Seguran\u00e7a Urbana (SEGUR),\u00a0atendeu a diversas ocorr\u00eancias envolvendo, principalmente, quedas de \u00e1rvores, devido ao volume de chuvas que caiu em poucas horas no munic\u00edpio. N\u00e3o h\u00e1 v\u00edtimas nem desabrigados.<\/p>\n<p style=\"font-weight: 400;\">\n<p style=\"font-weight: 400;\">Nesta ter\u00e7a-feira (13), entre 7h e 10h, a Defesa Civil atendeu a cinco ocorr\u00eancias, registradas via 199, todas sem v\u00edtimas. Houve queda de \u00e1rvore na avenida Pen\u00e9lope, no Canto do Mar; na rua Paladino Sime\u00e3o Santana, na Enseada; e na rua das Maritacas, em Maresias. Uma \u00e1rvore caiu sobre rede el\u00e9trica na alameda Vila Rica, no Portal da Olaria, e outra caiu em decorr\u00eancia de uma descarga el\u00e9trica, na avenida Dario Leite Carrijo, no Jaragu\u00e1.<\/p>\n<p style=\"font-weight: 400;\">\n<p style=\"font-weight: 400;\">Esta manh\u00e3 choveu, em uma hora, mais de 20mm. H\u00e1 previs\u00e3o de que o volume atinja entre 30 e 40mm no decorrer do dia. No momento a mar\u00e9 est\u00e1 baixa, com vaz\u00e3o de \u00e1guas normalizada, sem pontos de alagamento. H\u00e1 previs\u00e3o, ainda, de ocorr\u00eancia de vento frontal com 54 quil\u00f4metros por hora, nas regi\u00f5es central e Costa Sul.<\/p>\n<p style=\"font-weight: 400;\">\n<p style=\"font-weight: 400;\">Ontem (12) foram registradas oito\u00a0quedas de \u00e1rvores, sendo duas em vias p\u00fablicas, cinco sobre resid\u00eancias e uma sobre ve\u00edculo, a maioria no Canto do Mar e uma na Cigarras, atingindo a rede el\u00e9trica.\u00a0 Tamb\u00e9m houve um destelhamento de resid\u00eancia no Canto do Mar e dois registros de danos \u00e0 estrutura residencial devido \u00e0 infiltra\u00e7\u00e3o de \u00e1guas.<\/p>\n<p style=\"font-weight: 400;\">\n<p style=\"font-weight: 400;\">O acumulado de chuvas desta segunda-feira foi baixo, de 30 mm, por\u00e9m houve um grande volume de chuvas em apenas uma hora e com mar\u00e9 alta, o que dificultou a vaz\u00e3o das \u00e1guas, resultando em registros de alagamentos. Foi registrada, tamb\u00e9m, uma rajada forte de vento, que chegou a 26 quil\u00f4metros por hora.<\/p>\n<p style=\"font-weight: 400;\">\n<p style=\"font-weight: 400;\">A Defesa Civil informa que o munic\u00edpio se encontra\u00a0em estado de aten\u00e7\u00e3o, com a possibilidade de acumulados de 120mm de chuvas, e que\u00a0est\u00e1 de prontid\u00e3o no Balne\u00e1rio dos Trabalhadores, na Praia Grande. Pede \u00e0 popula\u00e7\u00e3o que em caso ocorr\u00eancia ligue para o n\u00famero 199.<\/p>\n<p style=\"font-weight: 400;\">\n<p style=\"font-weight: 400;\">Outros telefones de emerg\u00eancia s\u00e3o:<\/p>\n<ul style=\"font-weight: 400;\">\n<li>Pol\u00edcia Municipal: 153<\/li>\n<li>Pol\u00edcia Militar: 190<\/li>\n<li>SAMU: 192<\/li>\n<li>Corpo de Bombeiros 193<\/li>\n<\/ul>\n","protected":false},"excerpt":{"rendered":"<p>Nesta segunda (12) e ter\u00e7a-feira (13), a Prefeitura de S\u00e3o Sebasti\u00e3o, por meio da Defesa Civil,\u00a0vinculada \u00e0 Secretaria de Seguran\u00e7a Urbana (SEGUR),\u00a0atendeu a diversas ocorr\u00eancias envolvendo, principalmente, quedas de \u00e1rvores, devido ao volume de chuvas que caiu em poucas horas no munic\u00edpio. N\u00e3o h\u00e1 v\u00edtimas nem desabrigados. Nesta ter\u00e7a-feira (13), entre 7h e 10h, a [&hellip;]<\/p>\n","protected":false},"author":26,"featured_media":10478,"comment_status":"open","ping_status":"open","sticky":false,"template":"","format":"standard","meta":{"footnotes":""},"categories":[2,13,21],"tags":[],"class_list":["post-10477","post","type-post","status-publish","format-standard","has-post-thumbnail","hentry","category-geral","category-sao-sebastiao","category-seguranca"],"aioseo_notices":[],"_links":{"self":[{"href":"https:\/\/lrm67.com\/index.php\/wp-json\/wp\/v2\/posts\/10477","targetHints":{"allow":["GET"]}}],"collection":[{"href":"https:\/\/lrm67.com\/index.php\/wp-json\/wp\/v2\/posts"}],"about":[{"href":"https:\/\/lrm67.com\/index.php\/wp-json\/wp\/v2\/types\/post"}],"author":[{"embeddable":true,"href":"https:\/\/lrm67.com\/index.php\/wp-json\/wp\/v2\/users\/26"}],"replies":[{"embeddable":true,"href":"https:\/\/lrm67.com\/index.php\/wp-json\/wp\/v2\/comments?post=10477"}],"version-history":[{"count":1,"href":"https:\/\/lrm67.com\/index.php\/wp-json\/wp\/v2\/posts\/10477\/revisions"}],"predecessor-version":[{"id":10479,"href":"https:\/\/lrm67.com\/index.php\/wp-json\/wp\/v2\/posts\/10477\/revisions\/10479"}],"wp:featuredmedia":[{"embeddable":true,"href":"https:\/\/lrm67.com\/index.php\/wp-json\/wp\/v2\/media\/10478"}],"wp:attachment":[{"href":"https:\/\/lrm67.com\/index.php\/wp-json\/wp\/v2\/media?parent=10477"}],"wp:term":[{"taxonomy":"category","embeddable":true,"href":"https:\/\/lrm67.com\/index.php\/wp-json\/wp\/v2\/categories?post=10477"},{"taxonomy":"post_tag","embeddable":true,"href":"https:\/\/lrm67.com\/index.php\/wp-json\/wp\/v2\/tags?post=10477"}],"curies":[{"name":"wp","href":"https:\/\/api.w.org\/{rel}","templated":true}]}}