{"id":10458,"date":"2022-12-13T09:39:00","date_gmt":"2022-12-13T12:39:00","guid":{"rendered":"https:\/\/lrm67.com\/?p=10458"},"modified":"2022-12-13T09:39:00","modified_gmt":"2022-12-13T12:39:00","slug":"policiais-da-operacao-verao-comecam-a-trabalhar-dia-19-em-ubatuba","status":"publish","type":"post","link":"https:\/\/lrm67.com\/index.php\/2022\/12\/13\/policiais-da-operacao-verao-comecam-a-trabalhar-dia-19-em-ubatuba\/","title":{"rendered":"Policiais da Opera\u00e7\u00e3o Ver\u00e3o come\u00e7am a trabalhar dia 19 em Ubatuba"},"content":{"rendered":"<p><strong>Marcello Ver\u00edssimo<\/strong><\/p>\n<p>&nbsp;<\/p>\n<p>Ubatuba deve ser a primeira cidade da regi\u00e3o a viabilizar as a\u00e7\u00f5es para a Opera\u00e7\u00e3o Ver\u00e3o 2022\/2023 com o objetivo de oferecer ainda mais seguran\u00e7a a moradores, turistas e veranistas durante os festejos de fim de ano e a alta temporada da esta\u00e7\u00e3o mais quente.<\/p>\n<p>A prefeitura informou nesta segunda-feira (12) que a cidade recebe a partir do pr\u00f3ximo dia 19 o<br \/>\nrefor\u00e7o de 250 policiais militares que ser\u00e3o incorporados ao efetivo local. Os oficiais ficar\u00e3o alojados na sede da 3\u00aa Cia PM, no Parque Vivamar, e no alojamento da Regional Sul.<\/p>\n<p>De acordo com o secret\u00e1rio municipal de Seguran\u00e7a P\u00fablica e Defesa Social, Major Edilson Ramos de Oliveira, a opera\u00e7\u00e3o tamb\u00e9m inclui atua\u00e7\u00e3o da atividade delegada no patrulhamento di\u00e1rio na Regi\u00e3o Norte do munic\u00edpio, al\u00e9m da fiscaliza\u00e7\u00e3o nas ocorr\u00eancias de perturba\u00e7\u00e3o do sossego p\u00fablico.<\/p>\n<p>Oliveira disse que a prefeitura tamb\u00e9m investiu na contrata\u00e7\u00e3o de GCMs para trabalhar como refor\u00e7o nos hor\u00e1rios de folgas dos titulares atuando na fiscaliza\u00e7\u00e3o de tr\u00e2nsito e da zona azul, e em refor\u00e7o \u00e0s equipes operacionais nas a\u00e7\u00f5es preventivas de preserva\u00e7\u00e3o da ordem e garantia da seguran\u00e7a nos espa\u00e7os p\u00fablicos.<\/p>\n<p>De acordo com o secret\u00e1rio, a prefeitura tamb\u00e9m est\u00e1 investindo na cria\u00e7\u00e3o de dois grupos de apoio \u00e0 fiscaliza\u00e7\u00e3o, atrav\u00e9s da atividade delegada, contratando os PM em hor\u00e1rio de folga para trabalhar no aux\u00edlio aos agentes municipais.<br \/>\n\u201cImportante destacar que outra conquista deste ano \u00e9 que teremos tr\u00eas viaturas da prefeitura que foram destinadas \u00e0 atividade delegada da PM \u2013 o que vai facilitar as rondas pelo munic\u00edpio que \u00e9 muito extenso\u201d, disse o secret\u00e1rio.<\/p>\n<p><strong>Mar<\/strong><\/p>\n<p>Na terra, no ar e no mar. A prefeitura informou que tamb\u00e9m efetivou a contrata\u00e7\u00e3o de 40 Guarda Vidas Tempor\u00e1rios (GVT\u2019s) para o Grupamento de Bombeiros Mar\u00edtimos (GBMar).<\/p>\n<p>O efetivo atual do GBMar de Ubatuba conta com 40 guarda-vidas servindo em Ubatuba, sendo 36 no servi\u00e7o operacional que atuam nas praias Itamambuca, Perequ\u00ea-A\u00e7u, Ten\u00f3rio, Praia Grande, Toninhas e Maranduba.<\/p>\n<p>Durante a temporada de ver\u00e3o a cobertura aumenta com homens nas praias Puruba, F\u00e9lix, Prumirim, Vermelha do Norte, Vermelha do Centro, Sununga e Sap\u00ea.<\/p>\n<p>De acordo com o GBMar (Grupamento de Bombeiros Mar\u00edtimo), em Ubatuba, s\u00e3o realizados, em m\u00e9dia, 800 salvamentos durante o per\u00edodo da temporada, que vai de dezembro a mar\u00e7o, o que significa uma m\u00e9dia de mais de um salvamento por dia.<\/p>\n","protected":false},"excerpt":{"rendered":"<p>Marcello Ver\u00edssimo &nbsp; Ubatuba deve ser a primeira cidade da regi\u00e3o a viabilizar as a\u00e7\u00f5es para a Opera\u00e7\u00e3o Ver\u00e3o 2022\/2023 com o objetivo de oferecer ainda mais seguran\u00e7a a moradores, turistas e veranistas durante os festejos de fim de ano e a alta temporada da esta\u00e7\u00e3o mais quente. A prefeitura informou nesta segunda-feira (12) que [&hellip;]<\/p>\n","protected":false},"author":26,"featured_media":10459,"comment_status":"open","ping_status":"open","sticky":false,"template":"","format":"standard","meta":{"footnotes":""},"categories":[7,15,14],"tags":[],"class_list":["post-10458","post","type-post","status-publish","format-standard","has-post-thumbnail","hentry","category-destaque","category-policia","category-ubatuba"],"aioseo_notices":[],"_links":{"self":[{"href":"https:\/\/lrm67.com\/index.php\/wp-json\/wp\/v2\/posts\/10458","targetHints":{"allow":["GET"]}}],"collection":[{"href":"https:\/\/lrm67.com\/index.php\/wp-json\/wp\/v2\/posts"}],"about":[{"href":"https:\/\/lrm67.com\/index.php\/wp-json\/wp\/v2\/types\/post"}],"author":[{"embeddable":true,"href":"https:\/\/lrm67.com\/index.php\/wp-json\/wp\/v2\/users\/26"}],"replies":[{"embeddable":true,"href":"https:\/\/lrm67.com\/index.php\/wp-json\/wp\/v2\/comments?post=10458"}],"version-history":[{"count":1,"href":"https:\/\/lrm67.com\/index.php\/wp-json\/wp\/v2\/posts\/10458\/revisions"}],"predecessor-version":[{"id":10460,"href":"https:\/\/lrm67.com\/index.php\/wp-json\/wp\/v2\/posts\/10458\/revisions\/10460"}],"wp:featuredmedia":[{"embeddable":true,"href":"https:\/\/lrm67.com\/index.php\/wp-json\/wp\/v2\/media\/10459"}],"wp:attachment":[{"href":"https:\/\/lrm67.com\/index.php\/wp-json\/wp\/v2\/media?parent=10458"}],"wp:term":[{"taxonomy":"category","embeddable":true,"href":"https:\/\/lrm67.com\/index.php\/wp-json\/wp\/v2\/categories?post=10458"},{"taxonomy":"post_tag","embeddable":true,"href":"https:\/\/lrm67.com\/index.php\/wp-json\/wp\/v2\/tags?post=10458"}],"curies":[{"name":"wp","href":"https:\/\/api.w.org\/{rel}","templated":true}]}}