{"id":10452,"date":"2022-12-13T09:17:32","date_gmt":"2022-12-13T12:17:32","guid":{"rendered":"https:\/\/lrm67.com\/?p=10452"},"modified":"2022-12-13T09:17:32","modified_gmt":"2022-12-13T12:17:32","slug":"caraguatatuba-lanca-campanha-feliz-em-te-ver-nesta-quinta-feira-15","status":"publish","type":"post","link":"https:\/\/lrm67.com\/index.php\/2022\/12\/13\/caraguatatuba-lanca-campanha-feliz-em-te-ver-nesta-quinta-feira-15\/","title":{"rendered":"Caraguatatuba lan\u00e7a campanha &#8220;Feliz em Te Ver&#8221; nesta quinta-feira (15)"},"content":{"rendered":"<p><strong>Marcello Ver\u00edssimo<\/strong><\/p>\n<p>&nbsp;<\/p>\n<p>A Prefeitura de Caraguatatuba divulgou no final da tarde desta segunda-feira (12) que realiza na pr\u00f3xima quinta-feira (15) o lan\u00e7amento oficial da temporada de ver\u00e3o 2022\/23. A campanha &#8220;Feliz em Te Ver&#8221; marca o in\u00edcio das festividades que come\u00e7am j\u00e1 no fim deste m\u00eas, ap\u00f3s o Natal e se estendem at\u00e9 o Carnaval.<\/p>\n<p>O lan\u00e7amento acontece durante entrevista coletiva na secretaria de Turismo, que fica na avenida Arthur Costa Filho, n\u00famero 25, na regi\u00e3o central da cidade. A prefeitura informou que ser\u00e3o apresentados os shows de ver\u00e3o, a programa\u00e7\u00e3o de R\u00e9veillon e o calend\u00e1rio de eventos do pr\u00f3ximo ano, entre outras novidades.<\/p>\n<p>Caraguatatuba \u00e9 uma das cidades da regi\u00e3o mais procuradas pelos turistas. A programa\u00e7\u00e3o especial inclui atra\u00e7\u00f5es como o &#8220;P\u00f4r do Som&#8221;, &#8220;Caragu\u00e1 t\u00e1 show&#8221; e o &#8220;Vira Caragu\u00e1&#8221;.<\/p>\n<p>A temporada de ver\u00e3o come\u00e7a oficialmente no pr\u00f3ximo dia 26 nas cidades do Litoral Norte.<\/p>\n","protected":false},"excerpt":{"rendered":"<p>Marcello Ver\u00edssimo &nbsp; A Prefeitura de Caraguatatuba divulgou no final da tarde desta segunda-feira (12) que realiza na pr\u00f3xima quinta-feira (15) o lan\u00e7amento oficial da temporada de ver\u00e3o 2022\/23. A campanha &#8220;Feliz em Te Ver&#8221; marca o in\u00edcio das festividades que come\u00e7am j\u00e1 no fim deste m\u00eas, ap\u00f3s o Natal e se estendem at\u00e9 o [&hellip;]<\/p>\n","protected":false},"author":26,"featured_media":10453,"comment_status":"open","ping_status":"open","sticky":false,"template":"","format":"standard","meta":{"footnotes":""},"categories":[8,12],"tags":[],"class_list":["post-10452","post","type-post","status-publish","format-standard","has-post-thumbnail","hentry","category-caraguatatuba","category-eventos"],"aioseo_notices":[],"_links":{"self":[{"href":"https:\/\/lrm67.com\/index.php\/wp-json\/wp\/v2\/posts\/10452","targetHints":{"allow":["GET"]}}],"collection":[{"href":"https:\/\/lrm67.com\/index.php\/wp-json\/wp\/v2\/posts"}],"about":[{"href":"https:\/\/lrm67.com\/index.php\/wp-json\/wp\/v2\/types\/post"}],"author":[{"embeddable":true,"href":"https:\/\/lrm67.com\/index.php\/wp-json\/wp\/v2\/users\/26"}],"replies":[{"embeddable":true,"href":"https:\/\/lrm67.com\/index.php\/wp-json\/wp\/v2\/comments?post=10452"}],"version-history":[{"count":1,"href":"https:\/\/lrm67.com\/index.php\/wp-json\/wp\/v2\/posts\/10452\/revisions"}],"predecessor-version":[{"id":10454,"href":"https:\/\/lrm67.com\/index.php\/wp-json\/wp\/v2\/posts\/10452\/revisions\/10454"}],"wp:featuredmedia":[{"embeddable":true,"href":"https:\/\/lrm67.com\/index.php\/wp-json\/wp\/v2\/media\/10453"}],"wp:attachment":[{"href":"https:\/\/lrm67.com\/index.php\/wp-json\/wp\/v2\/media?parent=10452"}],"wp:term":[{"taxonomy":"category","embeddable":true,"href":"https:\/\/lrm67.com\/index.php\/wp-json\/wp\/v2\/categories?post=10452"},{"taxonomy":"post_tag","embeddable":true,"href":"https:\/\/lrm67.com\/index.php\/wp-json\/wp\/v2\/tags?post=10452"}],"curies":[{"name":"wp","href":"https:\/\/api.w.org\/{rel}","templated":true}]}}