{"id":10062,"date":"2022-11-30T10:59:29","date_gmt":"2022-11-30T13:59:29","guid":{"rendered":"https:\/\/lrm67.com\/?p=10062"},"modified":"2022-11-30T11:01:59","modified_gmt":"2022-11-30T14:01:59","slug":"caraguatatuba-contra-mais-vitimas-de-assassinatos-na-regiao-durante-os-10-primeiros-meses-do-ano-diz-ssp","status":"publish","type":"post","link":"https:\/\/lrm67.com\/index.php\/2022\/11\/30\/caraguatatuba-contra-mais-vitimas-de-assassinatos-na-regiao-durante-os-10-primeiros-meses-do-ano-diz-ssp\/","title":{"rendered":"Caraguatatuba concentra mais v\u00edtimas de assassinatos na regi\u00e3o durante os 10 primeiros meses do ano, diz SSP"},"content":{"rendered":"<p>Marcello Ver\u00edssimo<\/p>\n<p>A Secretaria de Seguran\u00e7a P\u00fablica de S\u00e3o Paulo divulgou nesta semana o balan\u00e7o da viol\u00eancia no estado durante os 10 primeiros meses do ano. O Litoral Norte continua com seus munic\u00edpios entre os mais violentos da Regi\u00e3o Metropolitana do Vale do Para\u00edba, que engloba cidades com maior n\u00famero de v\u00edtimas de homic\u00eddio por 100 mil habitantes. O indicador leva em conta o n\u00famero de mortos em casos de homic\u00eddio doloso, ou seja, quando existe a inten\u00e7\u00e3o de matar nos \u00faltimos 12 meses, de novembro do ano passado at\u00e9 outubro deste ano.<\/p>\n<p>A \u00e1rea do Deinter 1, que inclui os 39 munic\u00edpios da RM Vale, contabilizou 427 casos de homic\u00eddio doloso, com 449 v\u00edtimas neste per\u00edodo. No litoral, Caraguatatuba segue sendo a cidade mais perigosa da regi\u00e3o, nos primeiros 10 meses de 2022 foram 16 assassinatos com 26,75 v\u00edtimas, o que deixa o munic\u00edpio entre os cinco mais violentos do Vale do Para\u00edba, atr\u00e1s de Cruzeiro que tem 45,84 v\u00edtimas, Ca\u00e7apava 27,15 e Lorena com 33, 51.<\/p>\n<p>De acordo com os n\u00fameros da SSP, Ubatuba termina os 10 primeiros meses de 2022 como a segunda cidade mais violenta do litoral com 20 casos de homic\u00eddio e m\u00e9dia de 25,86 v\u00edtimas. J\u00e1 S\u00e3o Sebasti\u00e3o aparece na 13\u00aa posi\u00e7\u00e3o do ranking da escala de viol\u00eancia com 13, 10 v\u00edtimas de homic\u00eddio por 100 mil habitantes.<\/p>\n<p>Para conter os \u00edndices de viol\u00eancia, que geralmente tendem a aumentar ainda mais durante a temporada de ver\u00e3o, a partir de dezembro, logo ap\u00f3s o Natal, a Pol\u00edcia Militar inicia a \u201cOpera\u00e7\u00e3o Ver\u00e3o\u201d nas quatro cidades da regi\u00e3o com refor\u00e7o no n\u00famero de policiais e em batalh\u00f5es especiais como a For\u00e7a T\u00e1tica e Cavalaria da PM, entre outras.<\/p>\n<p>O tr\u00e1fico de entorpecentes \u00e9 um dos principais respons\u00e1veis pelos casos de homic\u00eddio, segundo a pol\u00edcia. De acordo com a Ag\u00eancia Senado, o crime organizado \u00e9 respons\u00e1vel pela maior parte da viol\u00eancia no Brasil. As estat\u00edsticas mostram que 80% dos assassinatos est\u00e3o ligados com o narcotr\u00e1fico ou com a a\u00e7\u00e3o de milicianos, seja em duelos pelo controle de bocas de fumo ou enfrentando a pol\u00edcia.<\/p>\n<p>O Conseg (Conselho de Seguran\u00e7a) de Caraguatatuba se re\u00fane no dia 13 de dezembro para a 19\u00aa reuni\u00e3o presencial do ano com o projeto \u201cConseg Vai at\u00e9 Voc\u00ea\u201d. Desta vez, a reuni\u00e3o ser\u00e1 realizada na Capela S\u00e3o Jos\u00e9, na rua Azalea, n\u00ba10, no Portal da Fazendinha, bairro Getuba, a partir das 18h30, na pauta o conselho deve debater a\u00e7\u00f5es contra o uso e o tr\u00e1fico de entorpecentes.<\/p>\n<p><img fetchpriority=\"high\" decoding=\"async\" class=\"alignnone size-full wp-image-10063\" src=\"https:\/\/lrm67.com\/wp-content\/uploads\/2022\/11\/b4ed63c5-98fd-4758-a065-59e10d55fcc2.jpg\" alt=\"\" width=\"776\" height=\"532\" srcset=\"https:\/\/lrm67.com\/wp-content\/uploads\/2022\/11\/b4ed63c5-98fd-4758-a065-59e10d55fcc2.jpg 776w, https:\/\/lrm67.com\/wp-content\/uploads\/2022\/11\/b4ed63c5-98fd-4758-a065-59e10d55fcc2-300x206.jpg 300w, https:\/\/lrm67.com\/wp-content\/uploads\/2022\/11\/b4ed63c5-98fd-4758-a065-59e10d55fcc2-768x527.jpg 768w\" sizes=\"(max-width: 776px) 100vw, 776px\" \/><\/p>\n","protected":false},"excerpt":{"rendered":"<p>Marcello Ver\u00edssimo A Secretaria de Seguran\u00e7a P\u00fablica de S\u00e3o Paulo divulgou nesta semana o balan\u00e7o da viol\u00eancia no estado durante os 10 primeiros meses do ano. O Litoral Norte continua com seus munic\u00edpios entre os mais violentos da Regi\u00e3o Metropolitana do Vale do Para\u00edba, que engloba cidades com maior n\u00famero de v\u00edtimas de homic\u00eddio por [&hellip;]<\/p>\n","protected":false},"author":26,"featured_media":10066,"comment_status":"open","ping_status":"open","sticky":false,"template":"","format":"standard","meta":{"footnotes":""},"categories":[8,7,2,15],"tags":[],"class_list":["post-10062","post","type-post","status-publish","format-standard","has-post-thumbnail","hentry","category-caraguatatuba","category-destaque","category-geral","category-policia"],"aioseo_notices":[],"_links":{"self":[{"href":"https:\/\/lrm67.com\/index.php\/wp-json\/wp\/v2\/posts\/10062","targetHints":{"allow":["GET"]}}],"collection":[{"href":"https:\/\/lrm67.com\/index.php\/wp-json\/wp\/v2\/posts"}],"about":[{"href":"https:\/\/lrm67.com\/index.php\/wp-json\/wp\/v2\/types\/post"}],"author":[{"embeddable":true,"href":"https:\/\/lrm67.com\/index.php\/wp-json\/wp\/v2\/users\/26"}],"replies":[{"embeddable":true,"href":"https:\/\/lrm67.com\/index.php\/wp-json\/wp\/v2\/comments?post=10062"}],"version-history":[{"count":1,"href":"https:\/\/lrm67.com\/index.php\/wp-json\/wp\/v2\/posts\/10062\/revisions"}],"predecessor-version":[{"id":10065,"href":"https:\/\/lrm67.com\/index.php\/wp-json\/wp\/v2\/posts\/10062\/revisions\/10065"}],"wp:featuredmedia":[{"embeddable":true,"href":"https:\/\/lrm67.com\/index.php\/wp-json\/wp\/v2\/media\/10066"}],"wp:attachment":[{"href":"https:\/\/lrm67.com\/index.php\/wp-json\/wp\/v2\/media?parent=10062"}],"wp:term":[{"taxonomy":"category","embeddable":true,"href":"https:\/\/lrm67.com\/index.php\/wp-json\/wp\/v2\/categories?post=10062"},{"taxonomy":"post_tag","embeddable":true,"href":"https:\/\/lrm67.com\/index.php\/wp-json\/wp\/v2\/tags?post=10062"}],"curies":[{"name":"wp","href":"https:\/\/api.w.org\/{rel}","templated":true}]}}