{"id":10051,"date":"2022-11-30T09:19:22","date_gmt":"2022-11-30T12:19:22","guid":{"rendered":"https:\/\/lrm67.com\/?p=10051"},"modified":"2022-11-30T13:00:56","modified_gmt":"2022-11-30T16:00:56","slug":"grupo-completa-30-dias-acado-em-frente-a-delegacia-da-capitania-dos-portos-em-sao-sebastiao","status":"publish","type":"post","link":"https:\/\/lrm67.com\/index.php\/2022\/11\/30\/grupo-completa-30-dias-acado-em-frente-a-delegacia-da-capitania-dos-portos-em-sao-sebastiao\/","title":{"rendered":"Grupo completa 30 dias acampado em frente a Delegacia da Capitania dos Portos em S\u00e3o Sebasti\u00e3o"},"content":{"rendered":"<p>Marcello Ver\u00edssimo<\/p>\n<p>O grupo de manifestantes autodeclarado Patriotas completa um m\u00eas acampado na frente da Delegacia da Capitania dos Portos &#8211; Marinha do Brasil, na Rua da Praia, regi\u00e3o central de S\u00e3o Sebasti\u00e3o, nesta quarta-feira (30). Em apoio ao presidente Jair Bolsonaro (PL), hoje em menor n\u00famero o grupo permanece no local com uma estrutura b\u00e1sica com cadeiras para descanso e uma barraca que serve como cantina com mantimentos para alimenta\u00e7\u00e3o.<\/p>\n<p>Cantando o hino nacional, palavras de ordem e amor pelo pa\u00eds os manifestantes seguem com o \u201cGrande Grito de S.O.S For\u00e7as Armadas do Brasil\u201d pedindo para as for\u00e7as armadas &#8220;salvarem o pa\u00eds&#8221;. O movimento teve in\u00edcio logo depois do segundo turno das elei\u00e7\u00f5es no dia 30 de outubro durante a onda de manifesta\u00e7\u00f5es que se espalhou pelo Brasil, inclusive com a\u00e7\u00f5es de caminhoneiros que est\u00e3o parado \u00e0s margens das rodovias importantes do pa\u00eds h\u00e1 mais de 10 dias.<\/p>\n<p>O grupo diz que s\u00f3 sair\u00e1 da frente do quartel quando &#8220;tudo se resolver&#8221;. Avessos \u00e0s perguntas e a presen\u00e7a de jornalistas, enquanto esteve no local a reportagem do <strong>JDL<\/strong> n\u00e3o conseguiu se aproximar para conversar com nenhum dos integrantes sendo questionada sobre o motivo de estar ali. \u201cO movimento \u00e9 de todos, vamos permanecer at\u00e9 a mudan\u00e7a acontecer\u201d.<\/p>\n<p>Assim como acontece desde o in\u00edcio, entre as reivindica\u00e7\u00f5es est\u00e3o a interven\u00e7\u00e3o federal\/militar, a queda e a inelegibilidade do presidente Lula, pois entendem que as elei\u00e7\u00f5es foram fraudadas e o resultado n\u00e3o \u00e9 leg\u00edtimo e n\u00e3o representa o que efetivamente o eleitor brasileiro decidiu.<\/p>\n","protected":false},"excerpt":{"rendered":"<p>Marcello Ver\u00edssimo O grupo de manifestantes autodeclarado Patriotas completa um m\u00eas acampado na frente da Delegacia da Capitania dos Portos &#8211; Marinha do Brasil, na Rua da Praia, regi\u00e3o central de S\u00e3o Sebasti\u00e3o, nesta quarta-feira (30). Em apoio ao presidente Jair Bolsonaro (PL), hoje em menor n\u00famero o grupo permanece no local com uma estrutura [&hellip;]<\/p>\n","protected":false},"author":26,"featured_media":10052,"comment_status":"open","ping_status":"open","sticky":false,"template":"","format":"standard","meta":{"footnotes":""},"categories":[7,16,13],"tags":[],"class_list":["post-10051","post","type-post","status-publish","format-standard","has-post-thumbnail","hentry","category-destaque","category-politica","category-sao-sebastiao"],"aioseo_notices":[],"_links":{"self":[{"href":"https:\/\/lrm67.com\/index.php\/wp-json\/wp\/v2\/posts\/10051","targetHints":{"allow":["GET"]}}],"collection":[{"href":"https:\/\/lrm67.com\/index.php\/wp-json\/wp\/v2\/posts"}],"about":[{"href":"https:\/\/lrm67.com\/index.php\/wp-json\/wp\/v2\/types\/post"}],"author":[{"embeddable":true,"href":"https:\/\/lrm67.com\/index.php\/wp-json\/wp\/v2\/users\/26"}],"replies":[{"embeddable":true,"href":"https:\/\/lrm67.com\/index.php\/wp-json\/wp\/v2\/comments?post=10051"}],"version-history":[{"count":3,"href":"https:\/\/lrm67.com\/index.php\/wp-json\/wp\/v2\/posts\/10051\/revisions"}],"predecessor-version":[{"id":10069,"href":"https:\/\/lrm67.com\/index.php\/wp-json\/wp\/v2\/posts\/10051\/revisions\/10069"}],"wp:featuredmedia":[{"embeddable":true,"href":"https:\/\/lrm67.com\/index.php\/wp-json\/wp\/v2\/media\/10052"}],"wp:attachment":[{"href":"https:\/\/lrm67.com\/index.php\/wp-json\/wp\/v2\/media?parent=10051"}],"wp:term":[{"taxonomy":"category","embeddable":true,"href":"https:\/\/lrm67.com\/index.php\/wp-json\/wp\/v2\/categories?post=10051"},{"taxonomy":"post_tag","embeddable":true,"href":"https:\/\/lrm67.com\/index.php\/wp-json\/wp\/v2\/tags?post=10051"}],"curies":[{"name":"wp","href":"https:\/\/api.w.org\/{rel}","templated":true}]}}