{"id":10045,"date":"2022-11-30T09:14:51","date_gmt":"2022-11-30T12:14:51","guid":{"rendered":"https:\/\/lrm67.com\/?p=10045"},"modified":"2022-11-30T09:14:51","modified_gmt":"2022-11-30T12:14:51","slug":"rodovia-dos-tams-tera-bloqueio-para-afericao-de-radar-nesta-quinta-feira-1","status":"publish","type":"post","link":"https:\/\/lrm67.com\/index.php\/2022\/11\/30\/rodovia-dos-tams-tera-bloqueio-para-afericao-de-radar-nesta-quinta-feira-1\/","title":{"rendered":"Rodovia dos Tamoios ter\u00e1 bloqueio para aferi\u00e7\u00e3o de radar nesta quinta-feira (1)"},"content":{"rendered":"<p><strong>Marcello Ver\u00edssimo<\/strong><\/p>\n<p>A Rodovia dos Tamoios, principal liga\u00e7\u00e3o entre o Vale do Para\u00edba e o Litoral Norte, passar\u00e1 por bloqueios moment\u00e2neos na manh\u00e3 desta quinta-feira (1) para a aferi\u00e7\u00e3o dos seus radares fixos. A informa\u00e7\u00e3o \u00e9 da concession\u00e1ria que administra a rodovia.<\/p>\n<p>De acordo com o cronograma, os equipamentos est\u00e3o localizados no km 18, sentido litoral, km 27+400, sentido litoral e km 64, em ambos os sentidos.<\/p>\n<p>A interrup\u00e7\u00e3o moment\u00e2nea vai ser realizada pela equipe da concession\u00e1ria com o apoio da Pol\u00edcia Militar Rodovi\u00e1ria. De acordo com a concession\u00e1ria, os bloqueios t\u00eam dura\u00e7\u00e3o de at\u00e9 20 minutos.<\/p>\n<p>A concession\u00e1ria informou que o primeiro bloqueio acontece a partir das 9h na altura do km 17+500, sentido litoral. Depois ser\u00e3o realizados bloqueios nos km 25+500, ainda no sentido litoral e km 63+800, sentido litoral. Em seguida, ser\u00e1 a vez do bloqueio no km 65+000, sentido S\u00e3o Jos\u00e9 dos Campos.<\/p>\n<p>Os motoristas da Rodovia dos Tamoios podem obter informa\u00e7\u00f5es atualizadas sobre as condi\u00e7\u00f5es de tr\u00e1fego por meio do Twitter @Tamoios099, R\u00e1dio Web Estrada do Sol, site www.concessionariatamoios.com.br e APP Tamoios. Em caso de emerg\u00eancia, o Bot\u00e3o SOS do Aplicativo Tamoios e o telefone 0800 545 0000 est\u00e3o \u00e0 disposi\u00e7\u00e3o.<\/p>\n","protected":false},"excerpt":{"rendered":"<p>Marcello Ver\u00edssimo A Rodovia dos Tamoios, principal liga\u00e7\u00e3o entre o Vale do Para\u00edba e o Litoral Norte, passar\u00e1 por bloqueios moment\u00e2neos na manh\u00e3 desta quinta-feira (1) para a aferi\u00e7\u00e3o dos seus radares fixos. A informa\u00e7\u00e3o \u00e9 da concession\u00e1ria que administra a rodovia. De acordo com o cronograma, os equipamentos est\u00e3o localizados no km 18, sentido [&hellip;]<\/p>\n","protected":false},"author":26,"featured_media":10046,"comment_status":"open","ping_status":"open","sticky":false,"template":"","format":"standard","meta":{"footnotes":""},"categories":[7,2],"tags":[],"class_list":["post-10045","post","type-post","status-publish","format-standard","has-post-thumbnail","hentry","category-destaque","category-geral"],"aioseo_notices":[],"_links":{"self":[{"href":"https:\/\/lrm67.com\/index.php\/wp-json\/wp\/v2\/posts\/10045","targetHints":{"allow":["GET"]}}],"collection":[{"href":"https:\/\/lrm67.com\/index.php\/wp-json\/wp\/v2\/posts"}],"about":[{"href":"https:\/\/lrm67.com\/index.php\/wp-json\/wp\/v2\/types\/post"}],"author":[{"embeddable":true,"href":"https:\/\/lrm67.com\/index.php\/wp-json\/wp\/v2\/users\/26"}],"replies":[{"embeddable":true,"href":"https:\/\/lrm67.com\/index.php\/wp-json\/wp\/v2\/comments?post=10045"}],"version-history":[{"count":1,"href":"https:\/\/lrm67.com\/index.php\/wp-json\/wp\/v2\/posts\/10045\/revisions"}],"predecessor-version":[{"id":10047,"href":"https:\/\/lrm67.com\/index.php\/wp-json\/wp\/v2\/posts\/10045\/revisions\/10047"}],"wp:featuredmedia":[{"embeddable":true,"href":"https:\/\/lrm67.com\/index.php\/wp-json\/wp\/v2\/media\/10046"}],"wp:attachment":[{"href":"https:\/\/lrm67.com\/index.php\/wp-json\/wp\/v2\/media?parent=10045"}],"wp:term":[{"taxonomy":"category","embeddable":true,"href":"https:\/\/lrm67.com\/index.php\/wp-json\/wp\/v2\/categories?post=10045"},{"taxonomy":"post_tag","embeddable":true,"href":"https:\/\/lrm67.com\/index.php\/wp-json\/wp\/v2\/tags?post=10045"}],"curies":[{"name":"wp","href":"https:\/\/api.w.org\/{rel}","templated":true}]}}