{"id":10035,"date":"2022-11-29T17:52:06","date_gmt":"2022-11-29T20:52:06","guid":{"rendered":"https:\/\/lrm67.com\/?p=10035"},"modified":"2022-11-29T17:52:14","modified_gmt":"2022-11-29T20:52:14","slug":"cerca-de-40-cantores-partpam-do-1-concurso-de-canto-de-ilhabela-a-voz-da-ilha","status":"publish","type":"post","link":"https:\/\/lrm67.com\/index.php\/2022\/11\/29\/cerca-de-40-cantores-partpam-do-1-concurso-de-canto-de-ilhabela-a-voz-da-ilha\/","title":{"rendered":"Cerca de 40 cantores participam do 1\u00b0 Concurso de Canto de Ilhabela \u201cA Voz da Ilha\u201d"},"content":{"rendered":"<p style=\"font-weight: 400;\">Cerca de 40 cantores de Ilhabela participam das disputas do 1\u00b0 Concurso de Canto \u201cA Voz da Ilha\u201d, que deve eleger os melhores int\u00e9rpretes profissionais ou amadores, nas categorias Solo ou Dupla. A fase classificat\u00f3ria da competi\u00e7\u00e3o est\u00e1 marcada para o dia 11 de dezembro, \u00e0s 20h. J\u00e1 a grande final ser\u00e1 no dia 18 de dezembro, \u00e0s 20h, ambas no Centro Cultural da Vila.<\/p>\n<p style=\"font-weight: 400;\">\u201cA classe musical em Ilhabela \u00e9 muito rica. Sem d\u00favidas, o concurso de canto ser\u00e1 um sucesso\u201d destaca o Prefeito de Ilhabela, Toninho Colucci.<\/p>\n<p style=\"font-weight: 400;\">Participam da competi\u00e7\u00e3o m\u00fasicos que residem em Ilhabela h\u00e1 mais de dois anos. O evento \u00e9 promovido pela Prefeitura, por meio da Funda\u00e7\u00e3o Arte e Cultura (Fundaci) e Secretaria de Cultura.<\/p>\n<p style=\"font-weight: 400;\">A iniciativa tem como objetivo estimular e valorizar a cultura popular por meio da m\u00fasica local, bem como a integra\u00e7\u00e3o dos artistas participantes, mun\u00edcipes e turistas.<\/p>\n<p style=\"font-weight: 400;\">&#8220;\u00c9 um concurso in\u00e9dito que criamos em nossa gest\u00e3o e tenho certeza que se tornar\u00e1 tradi\u00e7\u00e3o. Criar a expectativa da disputa, o esp\u00edrito de competi\u00e7\u00e3o, automaticamente fomenta o estudo vocal dos artistas que ir\u00e3o para o palco. Outro ponto forte \u00e9 que teremos no J\u00fari, a Serena e o Dom Paulinho Lima, dois participantes do The Voice Brasil, que hoje \u00e9 o maior concurso de canto do pa\u00eds\u201d, destaca o secret\u00e1rio-executivo da Fundaci, Jefferson Augusto Jesus dos Santos (Maestro Jota).<\/p>\n<p style=\"font-weight: 400;\">Para a categoria Solo, a premia\u00e7\u00e3o ser\u00e1 de R$ 2 mil para o 1\u00b0 lugar, R$ 1,5 mil para o 2\u00b0 lugar e R$ 1 mil para o 3\u00b0 lugar. J\u00e1 pela categoria Dupla, o primeiro lugar receber\u00e1 R$ 3 mil, o segundo lugar R$ 2 mil e a dupla terceira colocada, R$ 1,5 mil.<\/p>\n<p style=\"font-weight: 400;\"><strong>Programe-se:<\/strong><\/p>\n<p style=\"font-weight: 400;\">1\u00b0 Concurso de Canto de Ilhabela \u201cA Voz da Ilha\u201d<\/p>\n<p style=\"font-weight: 400;\"><strong>Fase Classificat\u00f3ria \u2013<\/strong>\u00a0Domingo 11\/12 \u00e0s 20h<\/p>\n<p style=\"font-weight: 400;\"><strong>Fase Final \u2013<\/strong>\u00a0Domingo 18\/12 \u00e0s 20h<\/p>\n<p style=\"font-weight: 400;\">Local: Centro Cultural da Vila \u2013 Rua da Padroeira, 140, Vila \u2013 Centro Hist\u00f3rico<\/p>\n","protected":false},"excerpt":{"rendered":"<p>Cerca de 40 cantores de Ilhabela participam das disputas do 1\u00b0 Concurso de Canto \u201cA Voz da Ilha\u201d, que deve eleger os melhores int\u00e9rpretes profissionais ou amadores, nas categorias Solo ou Dupla. A fase classificat\u00f3ria da competi\u00e7\u00e3o est\u00e1 marcada para o dia 11 de dezembro, \u00e0s 20h. J\u00e1 a grande final ser\u00e1 no dia 18 [&hellip;]<\/p>\n","protected":false},"author":26,"featured_media":10036,"comment_status":"open","ping_status":"open","sticky":false,"template":"","format":"standard","meta":{"footnotes":""},"categories":[7,2,3],"tags":[],"class_list":["post-10035","post","type-post","status-publish","format-standard","has-post-thumbnail","hentry","category-destaque","category-geral","category-ilhabela"],"aioseo_notices":[],"_links":{"self":[{"href":"https:\/\/lrm67.com\/index.php\/wp-json\/wp\/v2\/posts\/10035","targetHints":{"allow":["GET"]}}],"collection":[{"href":"https:\/\/lrm67.com\/index.php\/wp-json\/wp\/v2\/posts"}],"about":[{"href":"https:\/\/lrm67.com\/index.php\/wp-json\/wp\/v2\/types\/post"}],"author":[{"embeddable":true,"href":"https:\/\/lrm67.com\/index.php\/wp-json\/wp\/v2\/users\/26"}],"replies":[{"embeddable":true,"href":"https:\/\/lrm67.com\/index.php\/wp-json\/wp\/v2\/comments?post=10035"}],"version-history":[{"count":2,"href":"https:\/\/lrm67.com\/index.php\/wp-json\/wp\/v2\/posts\/10035\/revisions"}],"predecessor-version":[{"id":10038,"href":"https:\/\/lrm67.com\/index.php\/wp-json\/wp\/v2\/posts\/10035\/revisions\/10038"}],"wp:featuredmedia":[{"embeddable":true,"href":"https:\/\/lrm67.com\/index.php\/wp-json\/wp\/v2\/media\/10036"}],"wp:attachment":[{"href":"https:\/\/lrm67.com\/index.php\/wp-json\/wp\/v2\/media?parent=10035"}],"wp:term":[{"taxonomy":"category","embeddable":true,"href":"https:\/\/lrm67.com\/index.php\/wp-json\/wp\/v2\/categories?post=10035"},{"taxonomy":"post_tag","embeddable":true,"href":"https:\/\/lrm67.com\/index.php\/wp-json\/wp\/v2\/tags?post=10035"}],"curies":[{"name":"wp","href":"https:\/\/api.w.org\/{rel}","templated":true}]}}