{"id":10032,"date":"2022-11-29T16:23:33","date_gmt":"2022-11-29T19:23:33","guid":{"rendered":"https:\/\/lrm67.com\/?p=10032"},"modified":"2022-11-29T16:23:33","modified_gmt":"2022-11-29T19:23:33","slug":"sao-sebastiao-rbe-patrimonios-da-independencia-em-realidade-aumentada-nesta-sexta-feira","status":"publish","type":"post","link":"https:\/\/lrm67.com\/index.php\/2022\/11\/29\/sao-sebastiao-rbe-patrimonios-da-independencia-em-realidade-aumentada-nesta-sexta-feira\/","title":{"rendered":"S\u00e3o Sebasti\u00e3o recebe Patrim\u00f4nios da Independ\u00eancia em realidade aumentada nesta sexta-feira"},"content":{"rendered":"<p>Marcello Ver\u00edssimo<\/p>\n<p>A cidade de S\u00e3o Sebasti\u00e3o recebe nesta sexta-feira (2) patrim\u00f4nios da Independ\u00eancia em realidade aumentada em uma a\u00e7\u00e3o inovadora neste ano em que \u00e9 celebrado o bicenten\u00e1rio da Independ\u00eancia do Brasil. As instala\u00e7\u00f5es estar\u00e3o em frente a Casa da M\u00fasica e quem passar pela Rua da Praia, na regi\u00e3o central do munic\u00edpio, das 11h \u00e0s 14h, poder\u00e1 conhecer importantes pontos hist\u00f3ricos diretamente ligados ao per\u00edodo da independ\u00eancia do pa\u00eds por meio de maquetes e ilustra\u00e7\u00f5es como: o Edif\u00edcio e o Parque da Independ\u00eancia, o Solar da Marquesa de Santos, a Casa do Grito, o totem do Grito da Independ\u00eancia e o Quilombo dos Palmares.<\/p>\n<p>O projeto \u00e9 realizado pelo ProAC Editais, Programa de A\u00e7\u00e3o Cultural da Secretaria de Cultura e Economia Criativa do Governo do Estado de S\u00e3o Paulo, e idealizado por Gustavo Guimar\u00e3es. Em S\u00e3o Sebasti\u00e3o, o projeto conta com o apoio da Prefeitura, por meio da Funda\u00e7\u00e3o Educacional e Cultural Deodato Sant\u2019Anna. Al\u00e9m da produ\u00e7\u00e3o local da Cia. O Castelo das Artes.<\/p>\n<p>O idealizador do projeto, Gustavo Guimar\u00e3es, disse que a a\u00e7\u00e3o tem como caracter\u00edstica atuar como complemento do conte\u00fado de ensino presente nos livros did\u00e1ticos e das din\u00e2micas das aulas, que n\u00e3o permitem contato real com a riqueza da hist\u00f3ria e a valoriza\u00e7\u00e3o da nossa identidade. O projeto ainda est\u00e1 em outras duas escolas, a E.M. Walfrido Maciel Monteiro, no Morro do Abrigo, dia 30 de novembro; e a E.M. Bareque\u00e7aba, no dia 1\u00ba de dezembro.<\/p>\n<p>A professora e consultora pedag\u00f3gica do projeto, Cris Camilo, disse que os patrim\u00f4nios propostos est\u00e3o distantes das periferias e de outras regi\u00f5es do pa\u00eds. &#8220;E o aluno, por sua vez, encontra dificuldade de acesso \u00e0 visita\u00e7\u00e3o desses locais hist\u00f3ricos. Propomos atividades pr\u00e1ticas pedag\u00f3gicas utilizando ferramentas tecnol\u00f3gicas capazes de criar um universo l\u00fadico e informativo sem sair da escola\u201d.<\/p>\n<p>A organiza\u00e7\u00e3o diz que, com a pandemia, o acesso \u00e0s tecnologias se tornou um ponto chave para a educa\u00e7\u00e3o. Gustavo Guimar\u00e3es explica que a iniciativa busca reconstruir os saberes utilizando essas ferramentas de modo que a pr\u00e1tica educacional ganhe novas possibilidades. &#8220;\u00c9 preciso despertar a curiosidade do aluno, provocar reflex\u00f5es. Tamb\u00e9m \u00e9 necess\u00e1rio levar em conta a realidade em que este aluno est\u00e1 inserido e propor um conhecimento que coexista com ela\u201d, ele disse.<\/p>\n<p>Aplicativos &#8211; Pelo aplicativo gratuito, dispon\u00edvel para Android e iPhone, ser\u00e1 poss\u00edvel apontar o celular para as maquetes e ilustra\u00e7\u00f5es dos patrim\u00f4nios selecionados para que as imagens ganhem \u201cvida\u201d nos smartphones, todos com locu\u00e7\u00f5es explicativas.<\/p>\n<p>Para saber mais acesse: www.patrimoniosdaindependencia.com<\/p>\n<p>Foto: Divulga\u00e7\u00e3o<\/p>\n","protected":false},"excerpt":{"rendered":"<p>Marcello Ver\u00edssimo A cidade de S\u00e3o Sebasti\u00e3o recebe nesta sexta-feira (2) patrim\u00f4nios da Independ\u00eancia em realidade aumentada em uma a\u00e7\u00e3o inovadora neste ano em que \u00e9 celebrado o bicenten\u00e1rio da Independ\u00eancia do Brasil. As instala\u00e7\u00f5es estar\u00e3o em frente a Casa da M\u00fasica e quem passar pela Rua da Praia, na regi\u00e3o central do munic\u00edpio, das [&hellip;]<\/p>\n","protected":false},"author":26,"featured_media":10033,"comment_status":"open","ping_status":"open","sticky":false,"template":"","format":"standard","meta":{"footnotes":""},"categories":[7,2,13],"tags":[],"class_list":["post-10032","post","type-post","status-publish","format-standard","has-post-thumbnail","hentry","category-destaque","category-geral","category-sao-sebastiao"],"aioseo_notices":[],"_links":{"self":[{"href":"https:\/\/lrm67.com\/index.php\/wp-json\/wp\/v2\/posts\/10032","targetHints":{"allow":["GET"]}}],"collection":[{"href":"https:\/\/lrm67.com\/index.php\/wp-json\/wp\/v2\/posts"}],"about":[{"href":"https:\/\/lrm67.com\/index.php\/wp-json\/wp\/v2\/types\/post"}],"author":[{"embeddable":true,"href":"https:\/\/lrm67.com\/index.php\/wp-json\/wp\/v2\/users\/26"}],"replies":[{"embeddable":true,"href":"https:\/\/lrm67.com\/index.php\/wp-json\/wp\/v2\/comments?post=10032"}],"version-history":[{"count":1,"href":"https:\/\/lrm67.com\/index.php\/wp-json\/wp\/v2\/posts\/10032\/revisions"}],"predecessor-version":[{"id":10034,"href":"https:\/\/lrm67.com\/index.php\/wp-json\/wp\/v2\/posts\/10032\/revisions\/10034"}],"wp:featuredmedia":[{"embeddable":true,"href":"https:\/\/lrm67.com\/index.php\/wp-json\/wp\/v2\/media\/10033"}],"wp:attachment":[{"href":"https:\/\/lrm67.com\/index.php\/wp-json\/wp\/v2\/media?parent=10032"}],"wp:term":[{"taxonomy":"category","embeddable":true,"href":"https:\/\/lrm67.com\/index.php\/wp-json\/wp\/v2\/categories?post=10032"},{"taxonomy":"post_tag","embeddable":true,"href":"https:\/\/lrm67.com\/index.php\/wp-json\/wp\/v2\/tags?post=10032"}],"curies":[{"name":"wp","href":"https:\/\/api.w.org\/{rel}","templated":true}]}}