{"id":10029,"date":"2022-11-29T15:48:25","date_gmt":"2022-11-29T18:48:25","guid":{"rendered":"https:\/\/lrm67.com\/?p=10029"},"modified":"2022-11-29T15:48:25","modified_gmt":"2022-11-29T18:48:25","slug":"prefeitura-de-sao-sebastiao-promove-reuniao-sobre-regularizacao-fundiaria-nesta-quarta-feira-30-no-jaragua","status":"publish","type":"post","link":"https:\/\/lrm67.com\/index.php\/2022\/11\/29\/prefeitura-de-sao-sebastiao-promove-reuniao-sobre-regularizacao-fundiaria-nesta-quarta-feira-30-no-jaragua\/","title":{"rendered":"Prefeitura de S\u00e3o Sebasti\u00e3o promove reuni\u00e3o sobre regulariza\u00e7\u00e3o fundi\u00e1ria nesta quarta-feira (30) no Jaragu\u00e1"},"content":{"rendered":"<p style=\"font-weight: 400;\">A Prefeitura de S\u00e3o Sebasti\u00e3o, por meio da Secretaria de Habita\u00e7\u00e3o e Regulariza\u00e7\u00e3o Fundi\u00e1ria (SEHAB), realiza, nesta quarta-feira (30), reuni\u00e3o de apresenta\u00e7\u00e3o das informa\u00e7\u00f5es referentes ao processo de regulariza\u00e7\u00e3o fundi\u00e1ria do n\u00facleo urbano informal congelado n.\u00ba 96 &#8211; Rua Valdomiro Peixoto de Oliveira -, no Jaragu\u00e1.<\/p>\n<p style=\"font-weight: 400;\">O encontro acontecer\u00e1 \u00e0s 19h na \u201cCasa do Egno\u201d, \u00e0 Rua Valdomiro Peixoto de Oliveira, n.\u00ba 360, casa 2, pr\u00f3ximo \u00e0 E. M. Prof.\u00aa Maria Alice Rangel, no Jaragu\u00e1. A reuni\u00e3o t\u00e9cnica comunit\u00e1ria se faz em cumprimento \u00e0 A\u00e7\u00e3o Civil P\u00fablica, processo judicial n.\u00ba 1003629-18.2021.8.26.0587, da 2.\u00aa Vara C\u00edvel de S\u00e3o Sebasti\u00e3o.<\/p>\n<p style=\"font-weight: 400;\">Mais informa\u00e7\u00f5es sobre regulariza\u00e7\u00e3o fundi\u00e1ria podem ser obtidas pessoalmente na Secretaria de Habita\u00e7\u00e3o e Regulariza\u00e7\u00e3o Fundi\u00e1ria, \u00e0\u00a0Rua Cidade de Santos, n.\u00ba 222, na Vila Am\u00e9lia, ou pelo telefone (12) 3892-6568.<\/p>\n","protected":false},"excerpt":{"rendered":"<p>A Prefeitura de S\u00e3o Sebasti\u00e3o, por meio da Secretaria de Habita\u00e7\u00e3o e Regulariza\u00e7\u00e3o Fundi\u00e1ria (SEHAB), realiza, nesta quarta-feira (30), reuni\u00e3o de apresenta\u00e7\u00e3o das informa\u00e7\u00f5es referentes ao processo de regulariza\u00e7\u00e3o fundi\u00e1ria do n\u00facleo urbano informal congelado n.\u00ba 96 &#8211; Rua Valdomiro Peixoto de Oliveira -, no Jaragu\u00e1. O encontro acontecer\u00e1 \u00e0s 19h na \u201cCasa do Egno\u201d, [&hellip;]<\/p>\n","protected":false},"author":26,"featured_media":10030,"comment_status":"open","ping_status":"open","sticky":false,"template":"","format":"standard","meta":{"footnotes":""},"categories":[2,13],"tags":[],"class_list":["post-10029","post","type-post","status-publish","format-standard","has-post-thumbnail","hentry","category-geral","category-sao-sebastiao"],"aioseo_notices":[],"_links":{"self":[{"href":"https:\/\/lrm67.com\/index.php\/wp-json\/wp\/v2\/posts\/10029","targetHints":{"allow":["GET"]}}],"collection":[{"href":"https:\/\/lrm67.com\/index.php\/wp-json\/wp\/v2\/posts"}],"about":[{"href":"https:\/\/lrm67.com\/index.php\/wp-json\/wp\/v2\/types\/post"}],"author":[{"embeddable":true,"href":"https:\/\/lrm67.com\/index.php\/wp-json\/wp\/v2\/users\/26"}],"replies":[{"embeddable":true,"href":"https:\/\/lrm67.com\/index.php\/wp-json\/wp\/v2\/comments?post=10029"}],"version-history":[{"count":1,"href":"https:\/\/lrm67.com\/index.php\/wp-json\/wp\/v2\/posts\/10029\/revisions"}],"predecessor-version":[{"id":10031,"href":"https:\/\/lrm67.com\/index.php\/wp-json\/wp\/v2\/posts\/10029\/revisions\/10031"}],"wp:featuredmedia":[{"embeddable":true,"href":"https:\/\/lrm67.com\/index.php\/wp-json\/wp\/v2\/media\/10030"}],"wp:attachment":[{"href":"https:\/\/lrm67.com\/index.php\/wp-json\/wp\/v2\/media?parent=10029"}],"wp:term":[{"taxonomy":"category","embeddable":true,"href":"https:\/\/lrm67.com\/index.php\/wp-json\/wp\/v2\/categories?post=10029"},{"taxonomy":"post_tag","embeddable":true,"href":"https:\/\/lrm67.com\/index.php\/wp-json\/wp\/v2\/tags?post=10029"}],"curies":[{"name":"wp","href":"https:\/\/api.w.org\/{rel}","templated":true}]}}