{"id":10007,"date":"2022-11-29T10:47:32","date_gmt":"2022-11-29T13:47:32","guid":{"rendered":"https:\/\/lrm67.com\/?p=10007"},"modified":"2022-11-29T10:47:32","modified_gmt":"2022-11-29T13:47:32","slug":"prefeitura-realizara-terceira-pre-conferencia-da-saude-no-bairro-da-topolandia","status":"publish","type":"post","link":"https:\/\/lrm67.com\/index.php\/2022\/11\/29\/prefeitura-realizara-terceira-pre-conferencia-da-saude-no-bairro-da-topolandia\/","title":{"rendered":"Prefeitura realizar\u00e1 terceira Pr\u00e9-confer\u00eancia da Sa\u00fade no bairro da Topol\u00e2ndia"},"content":{"rendered":"<p style=\"font-weight: 400;\">A Prefeitura de S\u00e3o Sebasti\u00e3o, por meio da Secretaria de Sa\u00fade (SESAU), em conjunto com o Conselho Municipal de Sa\u00fade (COMUS), realizar\u00e1, nesta quarta-feira (30), a terceira de seis pr\u00e9-confer\u00eancias da Sa\u00fade, a fim de ouvir sugest\u00f5es da popula\u00e7\u00e3o de melhorias para a \u00e1rea. A reuni\u00e3o acontecer\u00e1 \u00e0s 19h na E. M. Patr\u00edcia Viviani Santana, \u00e0 Av. Prof. Jos\u00e9 Machado Rosa, n.\u00ba 899, na Topol\u00e2ndia.<\/p>\n<p style=\"font-weight: 400;\">A segunda pr\u00e9-confer\u00eancia aconteceu na \u00faltima quarta-feira (23) na\u00a0E. M. Prof. Ant\u00f4nio Luiz Monteiro, em Boi\u00e7ucanga; e a primeira foi realizada na\u00a0E.M. Prof.\u00aa Joana Alves dos Reis, no Canto do Mar. As reuni\u00f5es descentralizadas acontecer\u00e3o, tamb\u00e9m, nos bairros da Enseada e Maresias. Fechando a programa\u00e7\u00e3o, haver\u00e1 uma reuni\u00e3o online, com transmiss\u00e3o ao vivo.<\/p>\n<p style=\"font-weight: 400;\">Nas pr\u00e9-confer\u00eancias ser\u00e3o eleitos delegados que participar\u00e3o da Confer\u00eancia Municipal de Sa\u00fade, ter\u00e3o direito a voto e participar\u00e3o da escolha de propostas levadas \u00e0 Confer\u00eancia Estadual. A participa\u00e7\u00e3o da popula\u00e7\u00e3o \u00e9 de grande import\u00e2ncia na constru\u00e7\u00e3o democr\u00e1tica do SUS.<\/p>\n<p style=\"font-weight: 400;\">A Confer\u00eancia Municipal est\u00e1 prevista para os dias 9 e 10 de mar\u00e7o de 2023 e ter\u00e1 como tema \u201cGarantir direitos e defender o SUS, a vida e a democracia &#8211; Amanh\u00e3 vai ser outro dia\u201d, conforme diretriz do Conselho Nacional de Sa\u00fade.<\/p>\n<p style=\"font-weight: 400;\">Confira o cronograma das pr\u00f3ximas pr\u00e9-confer\u00eancias da Sa\u00fade:<\/p>\n<ul style=\"font-weight: 400;\">\n<li><strong>ENSEADA<\/strong>\u00a0&#8211; 07\/12, \u00e0s 14h \u2013 Unidade B\u00e1sica de Sa\u00fade (UBS) da Enseada (R. Maximiliano dos Santos, n.\u00ba 38)<\/li>\n<li><strong>MARESIAS\u00a0<\/strong>&#8211; 12\/12, \u00e0s 19h \u2013 E.M. Prof.\u00aa Edileusa Brasil Soares de Souza (Rua Agatha Cristynne Anderson, n.\u00ba 33)<\/li>\n<li><strong>ONLINE\u00a0<\/strong>\u2013 16\/12, \u00e0s 14h \u2013 transmiss\u00e3o ao vivo pelo aplicativo zoom, em link a ser divulgado posteriormente<\/li>\n<\/ul>\n<p style=\"font-weight: 400;\">\n","protected":false},"excerpt":{"rendered":"<p>A Prefeitura de S\u00e3o Sebasti\u00e3o, por meio da Secretaria de Sa\u00fade (SESAU), em conjunto com o Conselho Municipal de Sa\u00fade (COMUS), realizar\u00e1, nesta quarta-feira (30), a terceira de seis pr\u00e9-confer\u00eancias da Sa\u00fade, a fim de ouvir sugest\u00f5es da popula\u00e7\u00e3o de melhorias para a \u00e1rea. A reuni\u00e3o acontecer\u00e1 \u00e0s 19h na E. M. Patr\u00edcia Viviani Santana, [&hellip;]<\/p>\n","protected":false},"author":26,"featured_media":10009,"comment_status":"open","ping_status":"open","sticky":false,"template":"","format":"standard","meta":{"footnotes":""},"categories":[13,10],"tags":[],"class_list":["post-10007","post","type-post","status-publish","format-standard","has-post-thumbnail","hentry","category-sao-sebastiao","category-saude"],"aioseo_notices":[],"_links":{"self":[{"href":"https:\/\/lrm67.com\/index.php\/wp-json\/wp\/v2\/posts\/10007","targetHints":{"allow":["GET"]}}],"collection":[{"href":"https:\/\/lrm67.com\/index.php\/wp-json\/wp\/v2\/posts"}],"about":[{"href":"https:\/\/lrm67.com\/index.php\/wp-json\/wp\/v2\/types\/post"}],"author":[{"embeddable":true,"href":"https:\/\/lrm67.com\/index.php\/wp-json\/wp\/v2\/users\/26"}],"replies":[{"embeddable":true,"href":"https:\/\/lrm67.com\/index.php\/wp-json\/wp\/v2\/comments?post=10007"}],"version-history":[{"count":1,"href":"https:\/\/lrm67.com\/index.php\/wp-json\/wp\/v2\/posts\/10007\/revisions"}],"predecessor-version":[{"id":10010,"href":"https:\/\/lrm67.com\/index.php\/wp-json\/wp\/v2\/posts\/10007\/revisions\/10010"}],"wp:featuredmedia":[{"embeddable":true,"href":"https:\/\/lrm67.com\/index.php\/wp-json\/wp\/v2\/media\/10009"}],"wp:attachment":[{"href":"https:\/\/lrm67.com\/index.php\/wp-json\/wp\/v2\/media?parent=10007"}],"wp:term":[{"taxonomy":"category","embeddable":true,"href":"https:\/\/lrm67.com\/index.php\/wp-json\/wp\/v2\/categories?post=10007"},{"taxonomy":"post_tag","embeddable":true,"href":"https:\/\/lrm67.com\/index.php\/wp-json\/wp\/v2\/tags?post=10007"}],"curies":[{"name":"wp","href":"https:\/\/api.w.org\/{rel}","templated":true}]}}